{"id":91018,"date":"2025-09-04T13:49:06","date_gmt":"2025-09-04T11:49:06","guid":{"rendered":"https:\/\/jugulajm.net\/?p=91018"},"modified":"2025-09-04T13:50:22","modified_gmt":"2025-09-04T11:50:22","slug":"rama-ksamili-do-jete-plazh-publik-do-ndalojme-muziken-ne-beach-bare","status":"publish","type":"post","link":"https:\/\/jugulajm.net\/?p=91018","title":{"rendered":"Paralajm\u00ebron Rama: Ksamili do t\u00eb jet\u00eb plazh publik, do t\u00eb ndalojm\u00eb muzik\u00ebn n\u00eb &#8216;beach-bare&#8217;"},"content":{"rendered":"<p><span lang=\"SQ\">Kryeministri Edi Rama u ndal n\u00eb plazhet e dhunuara si\u00e7 i quajti ai zonat e Ksamilit dhe Dh\u00ebrmiut.<\/span><\/p>\n<p><span lang=\"SQ\">N\u00eb aktivitetin \u201cShqip\u00ebria Turistike 2030\u201d, ai deklaroi se Ksamili nj\u00eb nd\u00ebr plazhet m\u00eb t\u00eb bukur n\u00eb bot\u00eb, ra pre e injorant\u00ebve dhe me \u00e7mime q\u00eb d\u00ebmtojn\u00eb imazhin e turizmit shqiptar.\u00a0<\/span><\/p>\n<p><span lang=\"SQ\">Ai u zotua se Ksamili do t\u00eb jet\u00eb plazh publik dhe se do t\u00eb hiqet nga duart e provat\u00ebve.\u00a0<\/span><\/p>\n<p><span lang=\"SQ\">Rama shtoi se turizmi i luksit b\u00ebhet duke kthyer natyr\u00ebn dhe bukurit\u00eb e saj n\u00eb asete.<\/span><\/p>\n<p><span lang=\"SQ\">&#8221;Po e nis me plazhet e dhunuara. Kjo \u00ebsht\u00eb fjala e duhur p\u00ebr pazhin e Ksamilit, po marr at\u00eb se \u00ebsht\u00eb nj\u00eb nd\u00ebr plazhet m\u00eb t\u00eb bukur t\u00eb bot\u00ebs dhe nuk mund t\u00eb jet\u00eb m\u00eb pre e injorant\u00ebve q\u00eb e shikojn\u00eb si nj\u00eb tok\u00eb p\u00ebr tu pushtuar dhe pastaj p\u00ebr tu sjell\u00eb m\u00eb turist\u00ebt e vizitor\u00ebt si t\u00eb ishin skllev\u00ebr q\u00eb mund t\u00eb han\u00eb edhe shkopin e \u00e7adr\u00ebs n\u00eb kok\u00eb<\/span><\/p>\n<p>Apo p\u00ebr t\u00eb v\u00ebn\u00eb \u00e7mime p\u00ebr t\u00eb q\u00ebndruar n\u00eb nj\u00eb dend\u00ebsi t\u00eb paimagjinueshme n\u00eb plazhe, q\u00eb jan\u00eb \u00e7mime q\u00eb vet\u00ebm l\u00ebndojn\u00eb imazhin e turist\u00ebve shqiptar. N\u00eb t\u00ebr\u00ebsi ne duhet t\u00eb sh\u00ebrojm\u00eb plazhet e dhunuara, tua heqim nga dora privat\u00ebve.<\/p>\n<p><span lang=\"SQ\">Nuk ka arsye m\u00eb q\u00eb plazhi publik i Ksamilit t\u00eb jet\u00eb plazh privat. Tjet\u00ebr element \u00ebsht\u00eb edhe tallavaja e beach-bareve, q\u00eb streson gjith\u00eb dynjan\u00eb. Ne do ndalojm\u00eb muzik\u00eb n\u00eb beach-bare. Muzika do jet\u00eb n\u00eb koh\u00ebn kur b\u00ebhet plazh.\u00a0<\/span><\/p>\n<p><span lang=\"SQ\">Kush do t\u00eb ofroj\u00eb muzik\u00eb mund t\u00eb nd\u00ebrtoj\u00eb n\u00eb zona t\u00eb tjera, ku nuk \u00ebsht\u00eb gjith\u00eb qyteti q\u00eb duhet t\u00eb d\u00ebgjoj\u00eb jehon\u00ebn.\u00a0<\/span><\/p>\n<p><span lang=\"SQ\">Hiret e Shqip\u00ebris\u00eb jan\u00eb aseti m\u00eb i madh q\u00eb kemi e duhet ta ruajm\u00eb si syt\u00eb e ballit, luksi i Shqip\u00ebris\u00eb \u00ebsht\u00eb bukuria dhe tradita e vet. Bukurit\u00eb e natyr\u00ebs t\u2019i kthejm\u00eb n\u00eb asete&#8221;. &#8211; u shpreh Rama.<\/span><\/p>\n","protected":false},"excerpt":{"rendered":"<p>Kryeministri Edi Rama u ndal n\u00eb plazhet e dhunuara si\u00e7 i quajti ai zonat e Ksamilit dhe Dh\u00ebrmiut. N\u00eb aktivitetin \u201cShqip\u00ebria Turistike 2030\u201d, ai deklaroi se Ksamili nj\u00eb nd\u00ebr plazhet m\u00eb t\u00eb bukur n\u00eb bot\u00eb, ra pre e injorant\u00ebve dhe me \u00e7mime q\u00eb d\u00ebmtojn\u00eb imazhin e turizmit shqiptar.\u00a0 Ai u zotua se Ksamili do t\u00eb [&hellip;]<\/p>\n","protected":false},"author":5,"featured_media":91019,"comment_status":"closed","ping_status":"closed","sticky":false,"template":"","format":"standard","meta":{"footnotes":""},"categories":[1,6332],"tags":[37969,37968],"class_list":{"0":"post-91018","1":"post","2":"type-post","3":"status-publish","4":"format-standard","5":"has-post-thumbnail","7":"category-aktualitet","8":"category-te-fundit","9":"tag-do-ndalojme-muziken-ne-beach-bare","10":"tag-rama-ksamili-do-jete-plazh-publik"},"_links":{"self":[{"href":"https:\/\/jugulajm.net\/index.php?rest_route=\/wp\/v2\/posts\/91018","targetHints":{"allow":["GET"]}}],"collection":[{"href":"https:\/\/jugulajm.net\/index.php?rest_route=\/wp\/v2\/posts"}],"about":[{"href":"https:\/\/jugulajm.net\/index.php?rest_route=\/wp\/v2\/types\/post"}],"author":[{"embeddable":true,"href":"https:\/\/jugulajm.net\/index.php?rest_route=\/wp\/v2\/users\/5"}],"replies":[{"embeddable":true,"href":"https:\/\/jugulajm.net\/index.php?rest_route=%2Fwp%2Fv2%2Fcomments&post=91018"}],"version-history":[{"count":2,"href":"https:\/\/jugulajm.net\/index.php?rest_route=\/wp\/v2\/posts\/91018\/revisions"}],"predecessor-version":[{"id":91021,"href":"https:\/\/jugulajm.net\/index.php?rest_route=\/wp\/v2\/posts\/91018\/revisions\/91021"}],"wp:featuredmedia":[{"embeddable":true,"href":"https:\/\/jugulajm.net\/index.php?rest_route=\/wp\/v2\/media\/91019"}],"wp:attachment":[{"href":"https:\/\/jugulajm.net\/index.php?rest_route=%2Fwp%2Fv2%2Fmedia&parent=91018"}],"wp:term":[{"taxonomy":"category","embeddable":true,"href":"https:\/\/jugulajm.net\/index.php?rest_route=%2Fwp%2Fv2%2Fcategories&post=91018"},{"taxonomy":"post_tag","embeddable":true,"href":"https:\/\/jugulajm.net\/index.php?rest_route=%2Fwp%2Fv2%2Ftags&post=91018"}],"curies":[{"name":"wp","href":"https:\/\/api.w.org\/{rel}","templated":true}]}}