{"id":90959,"date":"2025-09-02T10:19:42","date_gmt":"2025-09-02T08:19:42","guid":{"rendered":"https:\/\/jugulajm.net\/?p=90959"},"modified":"2025-09-02T10:19:42","modified_gmt":"2025-09-02T08:19:42","slug":"humb-jeten-28-vjecari-francez-ne-sarande-ishte-i-dehur-kur","status":"publish","type":"post","link":"https:\/\/jugulajm.net\/?p=90959","title":{"rendered":"Humb jet\u00ebn 28-vje\u00e7ari francez n\u00eb Sarand\u00eb, ishte i dehur kur&#8230;"},"content":{"rendered":"<p>Nj\u00eb shtetas francez ka humbur jet\u00ebn n\u00eb or\u00ebt e para t\u00eb m\u00ebngjesit t\u00eb sot\u00ebm n\u00eb Sarand\u00eb.<\/p>\n<p>Ngjarja ka ndodhur n\u00eb rrug\u00ebn \u201cButrinti\u201d.<\/p>\n<p>Policia njofton se 28 vje\u00e7ari, dyshohet se n\u00eb gjendje t\u00eb dehur ka humbur ekuilibrin dhe aksidentalisht \u00ebsht\u00eb rr\u00ebzuar nga nj\u00eb lart\u00ebsi.<\/p>\n<p>Si pasoj\u00eb e d\u00ebmtimeve t\u00eb marra, i riu ka nd\u00ebrruar jet\u00eb.<\/p>\n<p>Policia vijon hetimet p\u00ebr zbardhjen e plot\u00eb t\u00eb rastit.<\/p>\n","protected":false},"excerpt":{"rendered":"<p>Nj\u00eb shtetas francez ka humbur jet\u00ebn n\u00eb or\u00ebt e para t\u00eb m\u00ebngjesit t\u00eb sot\u00ebm n\u00eb Sarand\u00eb. Ngjarja ka ndodhur n\u00eb rrug\u00ebn \u201cButrinti\u201d. Policia njofton se 28 vje\u00e7ari, dyshohet se n\u00eb gjendje t\u00eb dehur ka humbur ekuilibrin dhe aksidentalisht \u00ebsht\u00eb rr\u00ebzuar nga nj\u00eb lart\u00ebsi. Si pasoj\u00eb e d\u00ebmtimeve t\u00eb marra, i riu ka nd\u00ebrruar jet\u00eb. Policia [&hellip;]<\/p>\n","protected":false},"author":5,"featured_media":50744,"comment_status":"closed","ping_status":"closed","sticky":false,"template":"","format":"standard","meta":{"footnotes":""},"categories":[1,6332,29228],"tags":[37933,37934],"class_list":{"0":"post-90959","1":"post","2":"type-post","3":"status-publish","4":"format-standard","5":"has-post-thumbnail","7":"category-aktualitet","8":"category-te-fundit","9":"category-vendi","10":"tag-humb-jeten-28-vjecari-francez-ne-sarande","11":"tag-ishte-i-dehur-kur"},"_links":{"self":[{"href":"https:\/\/jugulajm.net\/index.php?rest_route=\/wp\/v2\/posts\/90959","targetHints":{"allow":["GET"]}}],"collection":[{"href":"https:\/\/jugulajm.net\/index.php?rest_route=\/wp\/v2\/posts"}],"about":[{"href":"https:\/\/jugulajm.net\/index.php?rest_route=\/wp\/v2\/types\/post"}],"author":[{"embeddable":true,"href":"https:\/\/jugulajm.net\/index.php?rest_route=\/wp\/v2\/users\/5"}],"replies":[{"embeddable":true,"href":"https:\/\/jugulajm.net\/index.php?rest_route=%2Fwp%2Fv2%2Fcomments&post=90959"}],"version-history":[{"count":1,"href":"https:\/\/jugulajm.net\/index.php?rest_route=\/wp\/v2\/posts\/90959\/revisions"}],"predecessor-version":[{"id":90960,"href":"https:\/\/jugulajm.net\/index.php?rest_route=\/wp\/v2\/posts\/90959\/revisions\/90960"}],"wp:featuredmedia":[{"embeddable":true,"href":"https:\/\/jugulajm.net\/index.php?rest_route=\/wp\/v2\/media\/50744"}],"wp:attachment":[{"href":"https:\/\/jugulajm.net\/index.php?rest_route=%2Fwp%2Fv2%2Fmedia&parent=90959"}],"wp:term":[{"taxonomy":"category","embeddable":true,"href":"https:\/\/jugulajm.net\/index.php?rest_route=%2Fwp%2Fv2%2Fcategories&post=90959"},{"taxonomy":"post_tag","embeddable":true,"href":"https:\/\/jugulajm.net\/index.php?rest_route=%2Fwp%2Fv2%2Ftags&post=90959"}],"curies":[{"name":"wp","href":"https:\/\/api.w.org\/{rel}","templated":true}]}}