{"id":90947,"date":"2025-09-01T21:56:08","date_gmt":"2025-09-01T19:56:08","guid":{"rendered":"https:\/\/jugulajm.net\/?p=90947"},"modified":"2025-09-01T21:56:52","modified_gmt":"2025-09-01T19:56:52","slug":"angli-vritet-26-vjecari-shqiptar-u-vra-nga-kusheriri-i-tij-31-vjecar","status":"publish","type":"post","link":"https:\/\/jugulajm.net\/?p=90947","title":{"rendered":"Angli, goditet me thik\u00eb 26-vje\u00e7ari shqiptar, u vra nga kush\u00ebriri i tij 31-vje\u00e7ar"},"content":{"rendered":"<p>Nj\u00eb ngjarje e r\u00ebnd\u00eb ka ndodhur m\u00eb 29 gusht n\u00eb Leeds t\u00eb Anglis\u00eb, ku nj\u00eb konflikt mes dy kush\u00ebrinjve shqiptar\u00eb ka p\u00ebrfunduar me vrasjen e nj\u00ebrit prej tyre.<\/p>\n<p>Sipas\u00a0<a href=\"https:\/\/www.bbc.com\/news\/articles\/c8dez5n20q2o\">policis\u00eb britanike<\/a> dhe raportimeve t\u00eb mediave angleze, ngjarja ndodhi pasditen e s\u00eb premtes n\u00eb rrug\u00ebn Cardigan Road, Headingley, ku 26-vje\u00e7ari shqiptar u q\u00ebllua p\u00ebr vdekje me thik\u00eb. Ai u shpall i vdekur n\u00eb vendngjarje nga autoritetet.<\/p>\n<p>P\u00ebr k\u00ebt\u00eb ngjarje \u00ebsht\u00eb arrestuar kush\u00ebriri i tij 31-vje\u00e7, i cili u paraqit n\u00eb Gjykat\u00ebn e Magjistrat\u00ebve t\u00eb Leeds t\u00eb h\u00ebn\u00ebn.<\/p>\n<p>Ai akuzohet p\u00ebr vrasje dhe mbajtje t\u00eb nj\u00eb arme t\u00eb ftoht\u00eb n\u00eb publik. Aktualisht, ai ndodhet n\u00eb paraburgim.<\/p>\n<p>Policia britanike ka b\u00ebr\u00eb thirrje q\u00eb kushdo q\u00eb ka informacion mbi rastin t\u00eb kontaktoj\u00eb me autoritetet.<\/p>\n","protected":false},"excerpt":{"rendered":"<p>Nj\u00eb ngjarje e r\u00ebnd\u00eb ka ndodhur m\u00eb 29 gusht n\u00eb Leeds t\u00eb Anglis\u00eb, ku nj\u00eb konflikt mes dy kush\u00ebrinjve shqiptar\u00eb ka p\u00ebrfunduar me vrasjen e nj\u00ebrit prej tyre. Sipas\u00a0policis\u00eb britanike dhe raportimeve t\u00eb mediave angleze, ngjarja ndodhi pasditen e s\u00eb premtes n\u00eb rrug\u00ebn Cardigan Road, Headingley, ku 26-vje\u00e7ari shqiptar u q\u00ebllua p\u00ebr vdekje me thik\u00eb. [&hellip;]<\/p>\n","protected":false},"author":5,"featured_media":69712,"comment_status":"closed","ping_status":"closed","sticky":false,"template":"","format":"standard","meta":{"footnotes":""},"categories":[1,7664,6332],"tags":[9249,37928,37927],"class_list":{"0":"post-90947","1":"post","2":"type-post","3":"status-publish","4":"format-standard","5":"has-post-thumbnail","7":"category-aktualitet","8":"category-bota","9":"category-te-fundit","10":"tag-angli","11":"tag-u-vra-nga-kusheriri-i-tij-31-vjecar","12":"tag-vritet-26-vjecari-shqiptar"},"_links":{"self":[{"href":"https:\/\/jugulajm.net\/index.php?rest_route=\/wp\/v2\/posts\/90947","targetHints":{"allow":["GET"]}}],"collection":[{"href":"https:\/\/jugulajm.net\/index.php?rest_route=\/wp\/v2\/posts"}],"about":[{"href":"https:\/\/jugulajm.net\/index.php?rest_route=\/wp\/v2\/types\/post"}],"author":[{"embeddable":true,"href":"https:\/\/jugulajm.net\/index.php?rest_route=\/wp\/v2\/users\/5"}],"replies":[{"embeddable":true,"href":"https:\/\/jugulajm.net\/index.php?rest_route=%2Fwp%2Fv2%2Fcomments&post=90947"}],"version-history":[{"count":2,"href":"https:\/\/jugulajm.net\/index.php?rest_route=\/wp\/v2\/posts\/90947\/revisions"}],"predecessor-version":[{"id":90949,"href":"https:\/\/jugulajm.net\/index.php?rest_route=\/wp\/v2\/posts\/90947\/revisions\/90949"}],"wp:featuredmedia":[{"embeddable":true,"href":"https:\/\/jugulajm.net\/index.php?rest_route=\/wp\/v2\/media\/69712"}],"wp:attachment":[{"href":"https:\/\/jugulajm.net\/index.php?rest_route=%2Fwp%2Fv2%2Fmedia&parent=90947"}],"wp:term":[{"taxonomy":"category","embeddable":true,"href":"https:\/\/jugulajm.net\/index.php?rest_route=%2Fwp%2Fv2%2Fcategories&post=90947"},{"taxonomy":"post_tag","embeddable":true,"href":"https:\/\/jugulajm.net\/index.php?rest_route=%2Fwp%2Fv2%2Ftags&post=90947"}],"curies":[{"name":"wp","href":"https:\/\/api.w.org\/{rel}","templated":true}]}}