{"id":90921,"date":"2025-09-01T12:06:46","date_gmt":"2025-09-01T10:06:46","guid":{"rendered":"https:\/\/jugulajm.net\/?p=90921"},"modified":"2025-09-01T12:06:46","modified_gmt":"2025-09-01T10:06:46","slug":"ministria-paralajmeron-masa-te-rrepta-per-shkollat-jo-me-nxenes-me-celulare-ndryshe","status":"publish","type":"post","link":"https:\/\/jugulajm.net\/?p=90921","title":{"rendered":"Ministria paralajm\u00ebron masa t\u00eb rrepta p\u00ebr shkollat: Jo m\u00eb nx\u00ebn\u00ebs me celular\u00eb, ndryshe&#8230;"},"content":{"rendered":"<p>Ministria e Arsimit dhe Sportit me nj\u00eb udh\u00ebzim t\u00eb ve\u00e7ant\u00eb ka p\u00ebrcaktuar rregullat dhe masat p\u00ebr ndalimin e p\u00ebrdorimit t\u00eb telefonit celular dhe pajisjeve t\u00eb nd\u00ebrlidhura me t\u00eb n\u00eb institucionet arsimore parauniversitare.<\/p>\n<p>Ministrja e Arsimit dhe Sportit, Ogerta Manastirliu, n\u00eb mesazhin drejtuar nx\u00ebn\u00ebsve, m\u00ebsuesve, prind\u00ebrve dhe gjith\u00eb komunitetit, tha se shkolla duhet t\u00eb jet\u00eb nj\u00eb hap\u00ebsir\u00eb e sigurt dhe e p\u00ebrqendruar tek m\u00ebsimi.<\/p>\n<p><em>\u201cShkolla \u00ebsht\u00eb vendi ku nd\u00ebrtojm\u00eb t\u00eb ardhmen e f\u00ebmij\u00ebve tan\u00eb, \u00ebsht\u00eb hap\u00ebsira ku duhet t\u00eb mbizot\u00ebroj\u00eb kujdesi, p\u00ebrqendrimi dhe respekti p\u00ebr nj\u00ebri-tjetrin dhe m\u00ebsimin q\u00eb kryhet n\u00eb klas\u00eb. Prej disa vitesh ne kemi pasur si rregull q\u00eb telefonat celular\u00eb nuk lejohet t\u00eb p\u00ebrdoren gjat\u00eb or\u00ebs s\u00eb m\u00ebsimit. Por k\u00ebt\u00eb vit shkollor, duke par\u00eb p\u00ebrvoj\u00ebn e vendeve t\u00eb tjera dhe studimet e fundit, po e forcojm\u00eb zbatimin e k\u00ebtij rregulli, q\u00eb t\u00eb jet\u00eb realisht efektiv. Nuk jemi t\u00eb vet\u00ebm n\u00eb forcimin e masave t\u00eb ndalimit t\u00eb p\u00ebrdorimit t\u00eb telefonave celular\u00eb n\u00eb shkolla dhe vendet europiane i kan\u00eb aplikuar k\u00ebto masa dhe e kan\u00eb p\u00ebrforcuar k\u00ebt\u00eb vit k\u00ebt\u00eb rregull. Ne po ecim n\u00eb t\u00eb nj\u00ebjtin drejtim, sepse rezultatet jan\u00eb t\u00eb qarta: m\u00eb pak shp\u00ebrqendrim, m\u00eb shum\u00eb sukses n\u00eb m\u00ebsim, m\u00eb shum\u00eb mir\u00ebqenie p\u00ebr nx\u00ebn\u00ebsit.\u201d<\/em><\/p>\n<p>Ministrja sqaroi se vendimi nuk synon t\u00eb p\u00ebrjashtoj\u00eb teknologjin\u00eb, por ta orientoj\u00eb at\u00eb drejt p\u00ebrdorimit t\u00eb duhur.<\/p>\n<p><em>\u201cKy vendim nuk \u00ebsht\u00eb aspak kund\u00ebr teknologjis\u00eb. P\u00ebrkundrazi, \u00ebsht\u00eb p\u00ebr t\u00eb m\u00ebsuar ta p\u00ebrdorim n\u00eb m\u00ebnyr\u00ebn dhe koh\u00ebn e duhur. Ora e m\u00ebsimit \u00ebsht\u00eb p\u00ebr t\u00eb m\u00ebsuar, p\u00ebr t\u00eb diskutuar, p\u00ebr t\u00eb bashk\u00ebpunuar me nj\u00ebri-tjetrin. Studimet e OECD-s\u00eb dhe OBSH-s\u00eb tregojn\u00eb se p\u00ebrdorimi i shpesht\u00eb i telefonave tek f\u00ebmij\u00ebt ul p\u00ebrqendrimin, ul aktivizimin mes nx\u00ebn\u00ebsve n\u00eb klas\u00eb, dhe gjithashtu, n\u00eb disa raste, mund t\u00eb rris\u00eb edhe rrezikun e bullizmit.\u201d<\/em><\/p>\n<p>Ministrja e Arsimit dhe Sportit, Ogerta Manastirliu, b\u00ebri t\u00eb ditur se rregulli i ri \u00ebsht\u00eb i qart\u00eb dhe i zbatuesh\u00ebm p\u00ebr t\u00eb gjith\u00eb dhe se p\u00ebrcakton qart\u00eb p\u00ebrgjegj\u00ebsit\u00eb e m\u00ebsuesve dhe prind\u00ebrve.<\/p>\n<p><em>\u201cN\u00eb k\u00ebt\u00eb vit shkollor rregulli \u00ebsht\u00eb i thjesht\u00eb p\u00ebr t\u00eb gjith\u00eb: Telefonat nuk duhet t\u00eb merren n\u00eb shkoll\u00eb. N\u00eb rast t\u00eb nevoj\u00ebs t\u00eb argumentuar nga prindi, n\u00eb drejtorin\u00eb e shkoll\u00ebs, q\u00eb f\u00ebmij\u00ebn ta pajis\u00eb me telefon, at\u00ebher\u00eb telefoni fiket, nx\u00ebn\u00ebsi e dor\u00ebzon sipas rregullit t\u00eb shkoll\u00ebs n\u00eb sirtarin apo kutin\u00eb e p\u00ebrcaktuar n\u00eb klas\u00eb, nga momenti i nisjes s\u00eb m\u00ebsimit deri n\u00eb p\u00ebrfundim t\u00eb orarit m\u00ebsimor. M\u00ebsuesi kujdestar dhe drejtoria jan\u00eb p\u00ebrgjegj\u00ebs p\u00ebr zbatimin e k\u00ebtij rregulli. P\u00ebr raste urgjente, komunikimi me prindin b\u00ebhet vet\u00ebm me leje ose p\u00ebrmes m\u00ebsuesit apo drejtorit t\u00eb shkoll\u00ebs. Roli i m\u00ebsuesit \u00ebsht\u00eb t\u00eb jet\u00eb shembull n\u00eb zbatimin e k\u00ebtij rregulli\u201d.<\/em><\/p>\n<p><em>\u201cRoli i prind\u00ebrve \u00ebsht\u00eb t\u00eb bashk\u00ebpunojn\u00eb me shkoll\u00ebn duke e p\u00ebrforcuar mesazhin edhe n\u00eb sht\u00ebpi, q\u00eb f\u00ebmija t\u00eb kuptoj\u00eb se ky rregull \u00ebsht\u00eb p\u00ebr t\u00eb mir\u00ebn e tij. N\u00ebse ky rregull nuk respektohet n\u00eb m\u00ebnyr\u00eb t\u00eb p\u00ebrs\u00ebritur edhe pas masave k\u00ebshilluese dhe rekomanduese, drejtoria e shkoll\u00ebs vendos p\u00ebr ecurin\u00eb e masave t\u00eb tjera sipas rregullave t\u00eb p\u00ebrcaktuara n\u00eb rregulloren e shkoll\u00ebs, si nj\u00eb sinjal i qart\u00eb q\u00eb respektimi i rregullave, ve\u00e7 t\u00eb tjerash, \u00ebsht\u00eb pjes\u00eb e r\u00ebnd\u00ebsishme edhe e formimit edukativ personal.\u201d<\/em><\/p>\n<p>N\u00eb p\u00ebrmbyllje t\u00eb mesazhit, Ministrja Manastirliu b\u00ebri thirrje p\u00ebr bashk\u00ebpunim t\u00eb plot\u00eb mes m\u00ebsuesve, prind\u00ebrve dhe nx\u00ebn\u00ebsve.<\/p>\n<p><em>\u201cZbatimi i k\u00ebtij rregulli \u00ebsht\u00eb angazhim dhe detyr\u00eb e p\u00ebrbashk\u00ebt, m\u00ebsues, prind\u00ebr dhe nx\u00ebn\u00ebs, q\u00eb ora e m\u00ebsimit t\u00eb jet\u00eb or\u00eb m\u00ebsimi, dhe p\u00ebr k\u00ebt\u00eb na duhen librat, na duhet ta p\u00ebrdorim n\u00eb m\u00ebnyr\u00eb t\u00eb p\u00ebrgjegjshme teknologjin\u00eb, sipas protokolleve t\u00eb shkoll\u00ebs, duke i sh\u00ebrbyer arsimimit dhe edukimit t\u00eb nx\u00ebn\u00ebsve, dhe mbi t\u00eb gjitha na duhet shum\u00eb p\u00ebrkujdes, respekt dhe bashk\u00ebpunim me nj\u00ebri-tjetrin. P\u00ebrgatitje t\u00eb mbar\u00eb p\u00ebr fillim vitin shkollor t\u00eb gjith\u00eb nx\u00ebn\u00ebsve dhe prind\u00ebrve!\u201d<\/em><\/p>\n","protected":false},"excerpt":{"rendered":"<p>Ministria e Arsimit dhe Sportit me nj\u00eb udh\u00ebzim t\u00eb ve\u00e7ant\u00eb ka p\u00ebrcaktuar rregullat dhe masat p\u00ebr ndalimin e p\u00ebrdorimit t\u00eb telefonit celular dhe pajisjeve t\u00eb nd\u00ebrlidhura me t\u00eb n\u00eb institucionet arsimore parauniversitare. Ministrja e Arsimit dhe Sportit, Ogerta Manastirliu, n\u00eb mesazhin drejtuar nx\u00ebn\u00ebsve, m\u00ebsuesve, prind\u00ebrve dhe gjith\u00eb komunitetit, tha se shkolla duhet t\u00eb jet\u00eb nj\u00eb [&hellip;]<\/p>\n","protected":false},"author":5,"featured_media":90922,"comment_status":"closed","ping_status":"closed","sticky":false,"template":"","format":"standard","meta":{"footnotes":""},"categories":[1,7520,6332,29228],"tags":[37916,24944],"class_list":{"0":"post-90921","1":"post","2":"type-post","3":"status-publish","4":"format-standard","5":"has-post-thumbnail","7":"category-aktualitet","8":"category-arsim","9":"category-te-fundit","10":"category-vendi","11":"tag-ministria-paralajmeron-masa-te-rrepta-per-shkollat-jo-me-nxenes-me-celulare","12":"tag-ndryshe"},"_links":{"self":[{"href":"https:\/\/jugulajm.net\/index.php?rest_route=\/wp\/v2\/posts\/90921","targetHints":{"allow":["GET"]}}],"collection":[{"href":"https:\/\/jugulajm.net\/index.php?rest_route=\/wp\/v2\/posts"}],"about":[{"href":"https:\/\/jugulajm.net\/index.php?rest_route=\/wp\/v2\/types\/post"}],"author":[{"embeddable":true,"href":"https:\/\/jugulajm.net\/index.php?rest_route=\/wp\/v2\/users\/5"}],"replies":[{"embeddable":true,"href":"https:\/\/jugulajm.net\/index.php?rest_route=%2Fwp%2Fv2%2Fcomments&post=90921"}],"version-history":[{"count":1,"href":"https:\/\/jugulajm.net\/index.php?rest_route=\/wp\/v2\/posts\/90921\/revisions"}],"predecessor-version":[{"id":90923,"href":"https:\/\/jugulajm.net\/index.php?rest_route=\/wp\/v2\/posts\/90921\/revisions\/90923"}],"wp:featuredmedia":[{"embeddable":true,"href":"https:\/\/jugulajm.net\/index.php?rest_route=\/wp\/v2\/media\/90922"}],"wp:attachment":[{"href":"https:\/\/jugulajm.net\/index.php?rest_route=%2Fwp%2Fv2%2Fmedia&parent=90921"}],"wp:term":[{"taxonomy":"category","embeddable":true,"href":"https:\/\/jugulajm.net\/index.php?rest_route=%2Fwp%2Fv2%2Fcategories&post=90921"},{"taxonomy":"post_tag","embeddable":true,"href":"https:\/\/jugulajm.net\/index.php?rest_route=%2Fwp%2Fv2%2Ftags&post=90921"}],"curies":[{"name":"wp","href":"https:\/\/api.w.org\/{rel}","templated":true}]}}