{"id":90890,"date":"2025-08-31T14:40:26","date_gmt":"2025-08-31T12:40:26","guid":{"rendered":"https:\/\/jugulajm.net\/?p=90890"},"modified":"2025-08-31T14:40:44","modified_gmt":"2025-08-31T12:40:44","slug":"historia-prekese-e-te-riut-qe-vdiq-ne-aksident-shpetoi-vdekjes-kur-ishte-8-vjec","status":"publish","type":"post","link":"https:\/\/jugulajm.net\/?p=90890","title":{"rendered":"Historia prek\u00ebse e t\u00eb riut q\u00eb vdiq n\u00eb aksident, i shp\u00ebtoi vdekjes kur ishte 8 vje\u00e7&#8230;"},"content":{"rendered":"<p>Nj\u00eb detaj prek\u00ebs ka dal\u00eb n\u00eb drit\u00eb pas aksidentit tragjik q\u00eb ndodhi n\u00eb hyrje t\u00eb qytetit t\u00eb Peqinit, ku humb\u00ebn jet\u00ebn dy t\u00eb rinj. Nj\u00ebri prej viktimave \u00ebsht\u00eb Gabriel Lluca, nj\u00eb 24-vje\u00e7ar me nj\u00eb histori t\u00eb jasht\u00ebzakonshme mbijetese q\u00eb ka prekur shum\u00eb zemra.<\/p>\n<p>Gabrieli i kishte mbijetuar nj\u00eb aksidenti t\u00eb r\u00ebnd\u00eb n\u00eb mosh\u00ebn 8-vje\u00e7are, pik\u00ebrisht pran\u00eb shkoll\u00ebs \u201cDemir Godelli\u201d n\u00eb Peqin, aty ku ndodhet edhe banesa e familjes Lluca.<\/p>\n<p>Nj\u00eb automjet i kishte kaluar trupit t\u00eb vog\u00eblushit, duke i shkaktuar plag\u00eb t\u00eb r\u00ebnda dhe fraktura t\u00eb shumta.<\/p>\n<p>Por k\u00ebt\u00eb fund gushti, fati nuk e kurseu. N\u00eb t\u00eb nj\u00ebjtin qytet ku dikur i kishte shp\u00ebtuar vdekjes, Gabriel Lluca humbi jet\u00ebn n\u00eb mesnat\u00ebn e s\u00eb diel\u00ebs, pas nj\u00eb aksidenti t\u00eb r\u00ebnd\u00eb automobilistik.<\/p>\n<p>Ngjarja tronditi familjen, miqt\u00eb dhe bashk\u00ebmoshatar\u00ebt, t\u00eb cil\u00ebt e kujtojn\u00eb si nj\u00eb djal\u00eb energjik, t\u00eb dashur dhe gjithmon\u00eb t\u00eb buz\u00ebqeshur.<\/p>\n<p>Gabrieli ishte nj\u00eb nga kat\u00ebr f\u00ebmij\u00ebt e familjes Lluca. Tre vite m\u00eb par\u00eb, familja p\u00ebrjetoi edhe nj\u00eb tjet\u00ebr humbje t\u00eb r\u00ebnd\u00eb, ndarjen nga jeta t\u00eb babait t\u00eb tij, Agron Lluca.<\/p>\n<p>Policia ka nisur hetimet p\u00ebr zbardhjen e plot\u00eb t\u00eb rrethanave t\u00eb aksidentit. Jan\u00eb sekuestruar pamjet e kamerave t\u00eb siguris\u00eb n\u00eb zon\u00eb dhe po b\u00ebhen verifikime p\u00ebr shpejt\u00ebsin\u00eb e automjetit si dhe gjendjen e rrug\u00ebs n\u00eb momentin e ngjarjes.<\/p>\n","protected":false},"excerpt":{"rendered":"<p>Nj\u00eb detaj prek\u00ebs ka dal\u00eb n\u00eb drit\u00eb pas aksidentit tragjik q\u00eb ndodhi n\u00eb hyrje t\u00eb qytetit t\u00eb Peqinit, ku humb\u00ebn jet\u00ebn dy t\u00eb rinj. Nj\u00ebri prej viktimave \u00ebsht\u00eb Gabriel Lluca, nj\u00eb 24-vje\u00e7ar me nj\u00eb histori t\u00eb jasht\u00ebzakonshme mbijetese q\u00eb ka prekur shum\u00eb zemra. Gabrieli i kishte mbijetuar nj\u00eb aksidenti t\u00eb r\u00ebnd\u00eb n\u00eb mosh\u00ebn 8-vje\u00e7are, pik\u00ebrisht [&hellip;]<\/p>\n","protected":false},"author":5,"featured_media":90891,"comment_status":"closed","ping_status":"closed","sticky":false,"template":"","format":"standard","meta":{"footnotes":""},"categories":[1,6332],"tags":[37902,37903],"class_list":{"0":"post-90890","1":"post","2":"type-post","3":"status-publish","4":"format-standard","5":"has-post-thumbnail","7":"category-aktualitet","8":"category-te-fundit","9":"tag-historia-prekese-e-te-riut-qe-vdiq-ne-aksident","10":"tag-shpetoi-vdekjes-kur-ishte-8-vjec"},"_links":{"self":[{"href":"https:\/\/jugulajm.net\/index.php?rest_route=\/wp\/v2\/posts\/90890","targetHints":{"allow":["GET"]}}],"collection":[{"href":"https:\/\/jugulajm.net\/index.php?rest_route=\/wp\/v2\/posts"}],"about":[{"href":"https:\/\/jugulajm.net\/index.php?rest_route=\/wp\/v2\/types\/post"}],"author":[{"embeddable":true,"href":"https:\/\/jugulajm.net\/index.php?rest_route=\/wp\/v2\/users\/5"}],"replies":[{"embeddable":true,"href":"https:\/\/jugulajm.net\/index.php?rest_route=%2Fwp%2Fv2%2Fcomments&post=90890"}],"version-history":[{"count":2,"href":"https:\/\/jugulajm.net\/index.php?rest_route=\/wp\/v2\/posts\/90890\/revisions"}],"predecessor-version":[{"id":90893,"href":"https:\/\/jugulajm.net\/index.php?rest_route=\/wp\/v2\/posts\/90890\/revisions\/90893"}],"wp:featuredmedia":[{"embeddable":true,"href":"https:\/\/jugulajm.net\/index.php?rest_route=\/wp\/v2\/media\/90891"}],"wp:attachment":[{"href":"https:\/\/jugulajm.net\/index.php?rest_route=%2Fwp%2Fv2%2Fmedia&parent=90890"}],"wp:term":[{"taxonomy":"category","embeddable":true,"href":"https:\/\/jugulajm.net\/index.php?rest_route=%2Fwp%2Fv2%2Fcategories&post=90890"},{"taxonomy":"post_tag","embeddable":true,"href":"https:\/\/jugulajm.net\/index.php?rest_route=%2Fwp%2Fv2%2Ftags&post=90890"}],"curies":[{"name":"wp","href":"https:\/\/api.w.org\/{rel}","templated":true}]}}