{"id":90847,"date":"2025-08-30T11:30:30","date_gmt":"2025-08-30T09:30:30","guid":{"rendered":"https:\/\/jugulajm.net\/?p=90847"},"modified":"2025-08-30T11:30:30","modified_gmt":"2025-08-30T09:30:30","slug":"foto-zjarr-ne-vajze-digjen-parcelat-me-ullinj-rrezikohen-banesat","status":"publish","type":"post","link":"https:\/\/jugulajm.net\/?p=90847","title":{"rendered":"FOTO\/ Zjarr n\u00eb &#8220;Vajz\u00eb&#8221;, digjen parcelat me ullinj, rrezikohen banesat"},"content":{"rendered":"<p>Nj\u00eb zjarr i madh ka r\u00ebn\u00eb n\u00eb fshatin Vajz\u00eb t\u00eb Vlor\u00ebs dhe rrezikon t\u00eb djeg\u00eb sht\u00ebpit\u00eb e banor\u00ebve. I favorizuar nga era e fort\u00eb dhe temperaturat e larta, zjarri \u00ebsht\u00eb p\u00ebrhapur me shpejt\u00ebsi dhe ka shkrumbuar toka e parcela me ullinj.<\/p>\n<p>Si\u00e7 shihet dhe nga pamjet, situata duket n\u00eb prag t\u00eb katastrof\u00ebs, pasi nuk ka nd\u00ebrhyrje nga ajri, por gjith\u00e7ka \u00ebsht\u00eb l\u00ebn\u00eb n\u00eb dor\u00eb t\u00eb forcave zjarrfik\u00ebse nga toka dhe banor\u00ebve q\u00eb po p\u00ebrpiqen me mjete rrethanore.<\/p>\n<p>Raportohet se n\u00ebse situata vazhdon e till\u00eb, rrezikohen seriozisht sht\u00ebpin\u00eb e banor\u00ebve t\u00eb fshatit Vajz\u00eb, ndaj b\u00ebjn\u00eb thirrje p\u00ebr reagim t\u00eb menj\u00ebhersh\u00ebm dhe nd\u00ebrhyrje nga ajri p\u00ebr izolimin e vatrave.<\/p>\n<p>Me aq mund\u00ebsi sa kan\u00eb, banor\u00ebt e zon\u00ebs kan\u00eb ngarkuar makinat e tyre me uj\u00eb dhe po e hedhin at\u00eb n\u00eb vendet ku flak\u00ebt nuk kan\u00eb mb\u00ebrritur ende, p\u00ebr t\u00eb parandaluar p\u00ebrhapjen e m\u00ebtejshme n\u00eb brend\u00ebsi t\u00eb fshatit.<\/p>\n","protected":false},"excerpt":{"rendered":"<p>Nj\u00eb zjarr i madh ka r\u00ebn\u00eb n\u00eb fshatin Vajz\u00eb t\u00eb Vlor\u00ebs dhe rrezikon t\u00eb djeg\u00eb sht\u00ebpit\u00eb e banor\u00ebve. I favorizuar nga era e fort\u00eb dhe temperaturat e larta, zjarri \u00ebsht\u00eb p\u00ebrhapur me shpejt\u00ebsi dhe ka shkrumbuar toka e parcela me ullinj. Si\u00e7 shihet dhe nga pamjet, situata duket n\u00eb prag t\u00eb katastrof\u00ebs, pasi nuk ka [&hellip;]<\/p>\n","protected":false},"author":5,"featured_media":90848,"comment_status":"closed","ping_status":"closed","sticky":false,"template":"","format":"standard","meta":{"footnotes":""},"categories":[1,6332,29228],"tags":[37887,37886,26063],"class_list":{"0":"post-90847","1":"post","2":"type-post","3":"status-publish","4":"format-standard","5":"has-post-thumbnail","7":"category-aktualitet","8":"category-te-fundit","9":"category-vendi","10":"tag-digjen-parcelat-me-ullinj","11":"tag-foto-zjarr-ne-vajze","12":"tag-rrezikohen-banesat"},"_links":{"self":[{"href":"https:\/\/jugulajm.net\/index.php?rest_route=\/wp\/v2\/posts\/90847","targetHints":{"allow":["GET"]}}],"collection":[{"href":"https:\/\/jugulajm.net\/index.php?rest_route=\/wp\/v2\/posts"}],"about":[{"href":"https:\/\/jugulajm.net\/index.php?rest_route=\/wp\/v2\/types\/post"}],"author":[{"embeddable":true,"href":"https:\/\/jugulajm.net\/index.php?rest_route=\/wp\/v2\/users\/5"}],"replies":[{"embeddable":true,"href":"https:\/\/jugulajm.net\/index.php?rest_route=%2Fwp%2Fv2%2Fcomments&post=90847"}],"version-history":[{"count":1,"href":"https:\/\/jugulajm.net\/index.php?rest_route=\/wp\/v2\/posts\/90847\/revisions"}],"predecessor-version":[{"id":90849,"href":"https:\/\/jugulajm.net\/index.php?rest_route=\/wp\/v2\/posts\/90847\/revisions\/90849"}],"wp:featuredmedia":[{"embeddable":true,"href":"https:\/\/jugulajm.net\/index.php?rest_route=\/wp\/v2\/media\/90848"}],"wp:attachment":[{"href":"https:\/\/jugulajm.net\/index.php?rest_route=%2Fwp%2Fv2%2Fmedia&parent=90847"}],"wp:term":[{"taxonomy":"category","embeddable":true,"href":"https:\/\/jugulajm.net\/index.php?rest_route=%2Fwp%2Fv2%2Fcategories&post=90847"},{"taxonomy":"post_tag","embeddable":true,"href":"https:\/\/jugulajm.net\/index.php?rest_route=%2Fwp%2Fv2%2Ftags&post=90847"}],"curies":[{"name":"wp","href":"https:\/\/api.w.org\/{rel}","templated":true}]}}