{"id":90844,"date":"2025-08-30T10:22:41","date_gmt":"2025-08-30T08:22:41","guid":{"rendered":"https:\/\/jugulajm.net\/?p=90844"},"modified":"2025-08-30T10:23:50","modified_gmt":"2025-08-30T08:23:50","slug":"viti-i-ri-shkollor-njoftim-i-rendesishem-nga-ministria-e-arsimit-per-klasat-e-1-ra-dhe-te-10-ta","status":"publish","type":"post","link":"https:\/\/jugulajm.net\/?p=90844","title":{"rendered":"Viti i ri shkollor, njoftim i r\u00ebnd\u00ebsish\u00ebm nga Ministria e Arsimit p\u00ebr klasat e 1-ra dhe t\u00eb 10-ta&#8230;"},"content":{"rendered":"<p class=\"selectionShareable\">Regjistrimet p\u00ebr nx\u00ebn\u00ebsit n\u00eb klasat e para dhe t\u00eb 10-ta do t\u00eb jen\u00eb t\u00eb hapura n\u00eb e-Albania deri m\u00eb 1 Shtator.<\/p>\n<p class=\"selectionShareable\">Ministrja e Arsimit, Ogerta Manastirliu, iu b\u00ebn thirrje prind\u00ebrve q\u00eb t\u00eb p\u00ebrfundojn\u00eb procesin e regjistrimit p\u00ebrmes platform\u00ebs online brenda afatit.<\/p>\n<p class=\"selectionShareable\">Njoftim i r\u00ebnd\u00ebsish\u00ebm p\u00ebr prind\u00ebrit.<\/p>\n<p class=\"selectionShareable\"><em>T\u00eb dashur prind\u00ebr!<\/em><\/p>\n<p class=\"selectionShareable\"><em>Ju informojm\u00eb se regjistrimet p\u00ebr nx\u00ebn\u00ebsit n\u00eb klasat e para dhe t\u00eb dhjeta do t\u00eb jen\u00eb t\u00eb hapura n\u00eb platform\u00ebn e-Albania deri m\u00eb 1 SHTATOR.<\/em><\/p>\n<p class=\"selectionShareable\"><em>Lutemi n\u00eb mir\u00ebkuptimin e n\u00eb k\u00ebrkes\u00ebn p\u00ebr t\u00eb p\u00ebrfunduar procesin e regjistrimit, p\u00ebrmes e-Albania, t\u00eb f\u00ebmij\u00ebs\/f\u00ebmij\u00ebve n\u00eb shkoll\u00eb, sipas afatit t\u00eb m\u00ebsip\u00ebrm, nj\u00eb proces q\u00eb merr vet\u00ebm pak minuta nga koha e secilit.\u201d, thot\u00eb ministrja.<\/em><\/p>\n<p class=\"selectionShareable\"><em>Viti i ri shkollor 2025-2026 p\u00ebr arsimin baz\u00eb dhe t\u00eb mes\u00ebm do t\u00eb nis\u00eb m\u00eb 8 Shtator 2025 dhe mbyllet m\u00eb 12 qershor 2026.<\/em><\/p>\n","protected":false},"excerpt":{"rendered":"<p>Regjistrimet p\u00ebr nx\u00ebn\u00ebsit n\u00eb klasat e para dhe t\u00eb 10-ta do t\u00eb jen\u00eb t\u00eb hapura n\u00eb e-Albania deri m\u00eb 1 Shtator. Ministrja e Arsimit, Ogerta Manastirliu, iu b\u00ebn thirrje prind\u00ebrve q\u00eb t\u00eb p\u00ebrfundojn\u00eb procesin e regjistrimit p\u00ebrmes platform\u00ebs online brenda afatit. Njoftim i r\u00ebnd\u00ebsish\u00ebm p\u00ebr prind\u00ebrit. T\u00eb dashur prind\u00ebr! Ju informojm\u00eb se regjistrimet p\u00ebr nx\u00ebn\u00ebsit [&hellip;]<\/p>\n","protected":false},"author":5,"featured_media":54066,"comment_status":"closed","ping_status":"closed","sticky":false,"template":"","format":"standard","meta":{"footnotes":""},"categories":[7520,6332,29228],"tags":[37885,37884],"class_list":{"0":"post-90844","1":"post","2":"type-post","3":"status-publish","4":"format-standard","5":"has-post-thumbnail","7":"category-arsim","8":"category-te-fundit","9":"category-vendi","10":"tag-njoftim-i-rendesishem-nga-ministria-e-arsimit-per-klasat-e-1-ra-dhe-te-10-ta","11":"tag-viti-i-ri-shkollor"},"_links":{"self":[{"href":"https:\/\/jugulajm.net\/index.php?rest_route=\/wp\/v2\/posts\/90844","targetHints":{"allow":["GET"]}}],"collection":[{"href":"https:\/\/jugulajm.net\/index.php?rest_route=\/wp\/v2\/posts"}],"about":[{"href":"https:\/\/jugulajm.net\/index.php?rest_route=\/wp\/v2\/types\/post"}],"author":[{"embeddable":true,"href":"https:\/\/jugulajm.net\/index.php?rest_route=\/wp\/v2\/users\/5"}],"replies":[{"embeddable":true,"href":"https:\/\/jugulajm.net\/index.php?rest_route=%2Fwp%2Fv2%2Fcomments&post=90844"}],"version-history":[{"count":2,"href":"https:\/\/jugulajm.net\/index.php?rest_route=\/wp\/v2\/posts\/90844\/revisions"}],"predecessor-version":[{"id":90846,"href":"https:\/\/jugulajm.net\/index.php?rest_route=\/wp\/v2\/posts\/90844\/revisions\/90846"}],"wp:featuredmedia":[{"embeddable":true,"href":"https:\/\/jugulajm.net\/index.php?rest_route=\/wp\/v2\/media\/54066"}],"wp:attachment":[{"href":"https:\/\/jugulajm.net\/index.php?rest_route=%2Fwp%2Fv2%2Fmedia&parent=90844"}],"wp:term":[{"taxonomy":"category","embeddable":true,"href":"https:\/\/jugulajm.net\/index.php?rest_route=%2Fwp%2Fv2%2Fcategories&post=90844"},{"taxonomy":"post_tag","embeddable":true,"href":"https:\/\/jugulajm.net\/index.php?rest_route=%2Fwp%2Fv2%2Ftags&post=90844"}],"curies":[{"name":"wp","href":"https:\/\/api.w.org\/{rel}","templated":true}]}}