{"id":90787,"date":"2025-08-28T13:27:26","date_gmt":"2025-08-28T11:27:26","guid":{"rendered":"https:\/\/jugulajm.net\/?p=90787"},"modified":"2025-08-28T13:27:26","modified_gmt":"2025-08-28T11:27:26","slug":"rama-paralajmeron-per-varrezat-e-makinave-do-ti-zhdukim","status":"publish","type":"post","link":"https:\/\/jugulajm.net\/?p=90787","title":{"rendered":"Rama paralajm\u00ebron p\u00ebr varrezat e makinave: Do t\u2019i zhdukim&#8230;"},"content":{"rendered":"<p>Kryeministri Edi Rama ka paralajm\u00ebruar nisjen e nj\u00eb operacioni t\u00eb gjer\u00eb p\u00ebr zhdukjen e t\u00eb ashtuquajturave varreza t\u00eb makinave t\u00eb cilat, sipas tij, ekzistojn\u00eb n\u00eb Shqip\u00ebri si struktura t\u00eb ligj\u00ebruara pa ligj.<\/p>\n<p>Gjat\u00eb nj\u00eb deklarate publike, Rama theksoi se vendi \u00ebsht\u00eb ende n\u00eb nj\u00eb faz\u00eb primitive n\u00eb trajtimin e mbetjeve dhe se nj\u00eb ligj i ri p\u00ebr menaxhimin e tyre, i p\u00ebrafruar plot\u00ebsisht me direktivat e BE-s\u00eb, do t\u00eb kaloj\u00eb n\u00eb Kuvend brenda k\u00ebtij viti.<\/p>\n<p>\u201cTjetra \u00ebsht\u00eb sfida e p\u00ebrafrimit me direktivat e BE dhe ky ligj i ri merr p\u00ebrsip\u00ebr t\u00eb b\u00ebj\u00eb k\u00ebt\u00eb gj\u00eb, t\u00eb p\u00ebrafroj\u00eb direktivat e BE 100% me legjislacionin shqiptar. N\u00ebse n\u00eb pastrim kemi b\u00ebr\u00eb p\u00ebrparime t\u00eb dukshme, n\u00ebse n\u00eb mbajtjen past\u00ebr t\u00eb vendit e plazheve sidomos gjat\u00eb sezonit kemi b\u00ebr\u00eb p\u00ebrparime dhe n\u00eb trajtimin e mbetjeve kemi b\u00ebr\u00eb p\u00ebrparime dometh\u00ebn\u00ebse , jemi n\u00eb nj\u00eb situat\u00eb t\u00ebr\u00ebsisht primitive n\u00eb raport me ndarjen n\u00eb burim t\u00eb mbetjeve, me p\u00ebrgjegj\u00ebsin\u00eb e zgjeruar t\u00eb prodhuesve ku p\u00ebrfshihen letra, qelqi, automjeti.<\/p>\n<p>Jemi besoj i vetmi vend n\u00eb Evrop\u00eb q\u00eb varrezat e makinave i kemi t\u00eb ligj\u00ebruara pa ligj, por me vullnetin e Maliqit n\u00eb territor si fakte t\u00eb kryera. Ky do t\u00eb jet\u00eb nj\u00eb operacion q\u00eb sapo ka nisur dhe do t\u00eb vazhdoj\u00eb p\u00ebr zhdukjen e t\u00eb gjith\u00eb k\u00ebtyr\u00eb varrezave dhe jemi vend q\u00eb s\u2019ka akoma detyrim p\u00ebr prodhuesit, shp\u00ebrndar\u00ebsit e importuesit me k\u00ebt\u00eb q\u00eb thash\u00eb, p\u00ebr trajtimin dhe \u00e7far\u00eb ndodh me gjith\u00eb k\u00ebto materiale kur kryejn\u00eb misionin e tyre si ambalazh, pajisje elektrike apo si automjete. P\u00ebr k\u00ebt\u00eb kemi nj\u00eb ligj q\u00eb do t\u00eb kaloj\u00eb n\u00eb Kuvend brenda k\u00ebtij viti\u201d, deklaroi kryeministri Rama.<\/p>\n","protected":false},"excerpt":{"rendered":"<p>Kryeministri Edi Rama ka paralajm\u00ebruar nisjen e nj\u00eb operacioni t\u00eb gjer\u00eb p\u00ebr zhdukjen e t\u00eb ashtuquajturave varreza t\u00eb makinave t\u00eb cilat, sipas tij, ekzistojn\u00eb n\u00eb Shqip\u00ebri si struktura t\u00eb ligj\u00ebruara pa ligj. Gjat\u00eb nj\u00eb deklarate publike, Rama theksoi se vendi \u00ebsht\u00eb ende n\u00eb nj\u00eb faz\u00eb primitive n\u00eb trajtimin e mbetjeve dhe se nj\u00eb ligj i [&hellip;]<\/p>\n","protected":false},"author":5,"featured_media":75048,"comment_status":"closed","ping_status":"closed","sticky":false,"template":"","format":"standard","meta":{"footnotes":""},"categories":[6326,6332,29228],"tags":[37858],"class_list":{"0":"post-90787","1":"post","2":"type-post","3":"status-publish","4":"format-standard","5":"has-post-thumbnail","7":"category-politike","8":"category-te-fundit","9":"category-vendi","10":"tag-rama-paralajmeron-per-varrezat-e-makinave-do-ti-zhdukim"},"_links":{"self":[{"href":"https:\/\/jugulajm.net\/index.php?rest_route=\/wp\/v2\/posts\/90787","targetHints":{"allow":["GET"]}}],"collection":[{"href":"https:\/\/jugulajm.net\/index.php?rest_route=\/wp\/v2\/posts"}],"about":[{"href":"https:\/\/jugulajm.net\/index.php?rest_route=\/wp\/v2\/types\/post"}],"author":[{"embeddable":true,"href":"https:\/\/jugulajm.net\/index.php?rest_route=\/wp\/v2\/users\/5"}],"replies":[{"embeddable":true,"href":"https:\/\/jugulajm.net\/index.php?rest_route=%2Fwp%2Fv2%2Fcomments&post=90787"}],"version-history":[{"count":1,"href":"https:\/\/jugulajm.net\/index.php?rest_route=\/wp\/v2\/posts\/90787\/revisions"}],"predecessor-version":[{"id":90788,"href":"https:\/\/jugulajm.net\/index.php?rest_route=\/wp\/v2\/posts\/90787\/revisions\/90788"}],"wp:featuredmedia":[{"embeddable":true,"href":"https:\/\/jugulajm.net\/index.php?rest_route=\/wp\/v2\/media\/75048"}],"wp:attachment":[{"href":"https:\/\/jugulajm.net\/index.php?rest_route=%2Fwp%2Fv2%2Fmedia&parent=90787"}],"wp:term":[{"taxonomy":"category","embeddable":true,"href":"https:\/\/jugulajm.net\/index.php?rest_route=%2Fwp%2Fv2%2Fcategories&post=90787"},{"taxonomy":"post_tag","embeddable":true,"href":"https:\/\/jugulajm.net\/index.php?rest_route=%2Fwp%2Fv2%2Ftags&post=90787"}],"curies":[{"name":"wp","href":"https:\/\/api.w.org\/{rel}","templated":true}]}}