{"id":90752,"date":"2025-08-27T14:40:05","date_gmt":"2025-08-27T12:40:05","guid":{"rendered":"https:\/\/jugulajm.net\/?p=90752"},"modified":"2025-08-27T14:41:15","modified_gmt":"2025-08-27T12:41:15","slug":"foto-drejtori-i-pergjithshem-i-policise-ilir-proda-mesazh-drejtuar-policeve-te-dekoruar-ne-luften-kunder-zjarreve","status":"publish","type":"post","link":"https:\/\/jugulajm.net\/?p=90752","title":{"rendered":"FOTO\/Drejtori i P\u00ebrgjithsh\u00ebm i Policis\u00eb, Ilir Proda, mesazh 5 polic\u00ebve t\u00eb dekoruar n\u00eb luft\u00ebn kund\u00ebr zjarreve"},"content":{"rendered":"<p>Drejtori i P\u00ebrgjithsh\u00ebm i Policis\u00eb s\u00eb Shtetit, Drejtues Madhor Ilir Proda, ka falenderuar pes\u00eb punonj\u00ebsit e policis\u00eb, q\u00eb u dekoruan dit\u00ebn e sotme nga Kryeministri i vendit, Edi Rama.<\/p>\n<p><strong>Ja mesazhi falenderues i Prodes:<\/strong><\/p>\n<p>Krenar\u00eb p\u00ebr ju, p\u00ebr sakrific\u00ebn, p\u00ebrgjegjshm\u00ebrin\u00eb, guximin dhe humanizmin q\u00eb treguat n\u00eb mbrojtje t\u00eb jet\u00ebs s\u00eb qytetar\u00ebve.<\/p>\n<p>K\u00ebta pes\u00eb punonj\u00ebs policie, t\u00eb dekoruar nga Kryeministri i vendit, p\u00ebrball\u00eb flak\u00ebve t\u00eb zjarreve treguan guxim, sakrific\u00eb dhe p\u00ebrkushtim deri n\u00eb rrezikimin e jet\u00ebs s\u00eb tyre.<\/p>\n<p>Ata jan\u00eb fytyra e v\u00ebrtet\u00eb e Policis\u00eb s\u00eb Shtetit, vlera m\u00eb e mir\u00eb n\u00eb sh\u00ebrbim t\u00eb qytetar\u00ebve dhe shembulli q\u00eb frym\u00ebzon e na b\u00ebn krenar\u00eb t\u00eb gjith\u00ebve.<\/p>\n<p>Krahas tyre, mij\u00ebra burra e gra, djem e vajza t\u00eb Policis\u00eb s\u00eb Shtetit sakrifikojn\u00eb p\u00ebrdit\u00eb n\u00eb p\u00ebrmbushje t\u00eb misionit sa t\u00eb v\u00ebshtir\u00eb, aq edhe fisnik: mbrojtjen e jet\u00ebs me jet\u00ebn e tyre.<\/p>\n<p>\ud83d\ude4f\u00a0Respekt dhe mir\u00ebnjohje p\u00ebr ta!<\/p>\n<p>&nbsp;<\/p>\n","protected":false},"excerpt":{"rendered":"<p>Drejtori i P\u00ebrgjithsh\u00ebm i Policis\u00eb s\u00eb Shtetit, Drejtues Madhor Ilir Proda, ka falenderuar pes\u00eb punonj\u00ebsit e policis\u00eb, q\u00eb u dekoruan dit\u00ebn e sotme nga Kryeministri i vendit, Edi Rama. Ja mesazhi falenderues i Prodes: Krenar\u00eb p\u00ebr ju, p\u00ebr sakrific\u00ebn, p\u00ebrgjegjshm\u00ebrin\u00eb, guximin dhe humanizmin q\u00eb treguat n\u00eb mbrojtje t\u00eb jet\u00ebs s\u00eb qytetar\u00ebve. K\u00ebta pes\u00eb punonj\u00ebs policie, [&hellip;]<\/p>\n","protected":false},"author":5,"featured_media":90753,"comment_status":"closed","ping_status":"closed","sticky":false,"template":"","format":"standard","meta":{"footnotes":""},"categories":[1,6332,29228],"tags":[37844,34435,37845],"class_list":{"0":"post-90752","1":"post","2":"type-post","3":"status-publish","4":"format-standard","5":"has-post-thumbnail","7":"category-aktualitet","8":"category-te-fundit","9":"category-vendi","10":"tag-foto-drejtori-i-pergjithshem-i-policise","11":"tag-ilir-proda","12":"tag-mesazh-drejtuar-policeve-te-dekoruar-ne-luften-kunder-zjarreve"},"_links":{"self":[{"href":"https:\/\/jugulajm.net\/index.php?rest_route=\/wp\/v2\/posts\/90752","targetHints":{"allow":["GET"]}}],"collection":[{"href":"https:\/\/jugulajm.net\/index.php?rest_route=\/wp\/v2\/posts"}],"about":[{"href":"https:\/\/jugulajm.net\/index.php?rest_route=\/wp\/v2\/types\/post"}],"author":[{"embeddable":true,"href":"https:\/\/jugulajm.net\/index.php?rest_route=\/wp\/v2\/users\/5"}],"replies":[{"embeddable":true,"href":"https:\/\/jugulajm.net\/index.php?rest_route=%2Fwp%2Fv2%2Fcomments&post=90752"}],"version-history":[{"count":3,"href":"https:\/\/jugulajm.net\/index.php?rest_route=\/wp\/v2\/posts\/90752\/revisions"}],"predecessor-version":[{"id":90756,"href":"https:\/\/jugulajm.net\/index.php?rest_route=\/wp\/v2\/posts\/90752\/revisions\/90756"}],"wp:featuredmedia":[{"embeddable":true,"href":"https:\/\/jugulajm.net\/index.php?rest_route=\/wp\/v2\/media\/90753"}],"wp:attachment":[{"href":"https:\/\/jugulajm.net\/index.php?rest_route=%2Fwp%2Fv2%2Fmedia&parent=90752"}],"wp:term":[{"taxonomy":"category","embeddable":true,"href":"https:\/\/jugulajm.net\/index.php?rest_route=%2Fwp%2Fv2%2Fcategories&post=90752"},{"taxonomy":"post_tag","embeddable":true,"href":"https:\/\/jugulajm.net\/index.php?rest_route=%2Fwp%2Fv2%2Ftags&post=90752"}],"curies":[{"name":"wp","href":"https:\/\/api.w.org\/{rel}","templated":true}]}}