{"id":90750,"date":"2025-08-27T13:07:27","date_gmt":"2025-08-27T11:07:27","guid":{"rendered":"https:\/\/jugulajm.net\/?p=90750"},"modified":"2025-08-27T13:07:27","modified_gmt":"2025-08-27T11:07:27","slug":"emri-foto-prangoset-ish-kryeinspektori-i-imt-akuzohet-se-ndertoi-disa-shtepi-pushimi-pa-leje","status":"publish","type":"post","link":"https:\/\/jugulajm.net\/?p=90750","title":{"rendered":"EMRI-FOTO\/ Prangoset ish-kryeinspektori i IMT, akuzohet se nd\u00ebrtoi disa sht\u00ebpi pushimi pa leje"},"content":{"rendered":"<p>Policia ka arrestuar nj\u00eb ish-zyrtar lokal t\u00eb Inspektoratit t\u00eb Mbrojtjes s\u00eb Territorit Durr\u00ebs (IMT), n\u00ebn akuz\u00ebn p\u00ebr nd\u00ebrtim t\u00eb paligjsh\u00ebm gjat\u00eb koh\u00ebs q\u00eb ushtronte detyr\u00ebn.<\/p>\n<p>Sipas njoftimit zyrtar t\u00eb Drejtoris\u00eb Vendore t\u00eb Policis\u00eb Durr\u00ebs, n\u00eb pranga \u00ebsht\u00eb v\u00ebn\u00eb Ardian Halili, 55 vje\u00e7, banues n\u00eb Tiran\u00eb.<\/p>\n<p>Ai dyshohet se n\u00eb vitin 2017, kur mbante funksionin e kryeinspektorit t\u00eb IMT Durr\u00ebs, ka nd\u00ebrtuar pa leje disa objekte banimi (sht\u00ebpi pushimi) n\u00eb zon\u00ebn e Shetajt, nj\u00ebsia administrative Ish\u00ebm.<\/p>\n<p><img decoding=\"async\" src=\"https:\/\/www.syri.net\/uploads\/syri.net\/images\/2025\/August\/27\/auto_Ardian-Halili11756292393.jpg\" alt=\"Image\" \/><\/p>\n<p>Operacioni u krye nga specialist\u00ebt p\u00ebr Hetimin e Krimit Ekonomiko-Financiar, pas hetimeve t\u00eb zhvilluara n\u00eb bashk\u00ebpunim me institucionet p\u00ebrkat\u00ebse.<\/p>\n<p>Materialet procedurale i jan\u00eb referuar tashm\u00eb Prokuroris\u00eb pran\u00eb Gjykat\u00ebs s\u00eb Shkall\u00ebs s\u00eb Par\u00eb t\u00eb Juridiksionit t\u00eb P\u00ebrgjithsh\u00ebm Durr\u00ebs, e cila do t\u00eb vijoj\u00eb ndjekjen penale p\u00ebr k\u00ebt\u00eb rast.<\/p>\n","protected":false},"excerpt":{"rendered":"<p>Policia ka arrestuar nj\u00eb ish-zyrtar lokal t\u00eb Inspektoratit t\u00eb Mbrojtjes s\u00eb Territorit Durr\u00ebs (IMT), n\u00ebn akuz\u00ebn p\u00ebr nd\u00ebrtim t\u00eb paligjsh\u00ebm gjat\u00eb koh\u00ebs q\u00eb ushtronte detyr\u00ebn. Sipas njoftimit zyrtar t\u00eb Drejtoris\u00eb Vendore t\u00eb Policis\u00eb Durr\u00ebs, n\u00eb pranga \u00ebsht\u00eb v\u00ebn\u00eb Ardian Halili, 55 vje\u00e7, banues n\u00eb Tiran\u00eb. Ai dyshohet se n\u00eb vitin 2017, kur mbante funksionin e [&hellip;]<\/p>\n","protected":false},"author":5,"featured_media":53724,"comment_status":"closed","ping_status":"closed","sticky":false,"template":"","format":"standard","meta":{"footnotes":""},"categories":[1,6332,29228],"tags":[37843,37842],"class_list":{"0":"post-90750","1":"post","2":"type-post","3":"status-publish","4":"format-standard","5":"has-post-thumbnail","7":"category-aktualitet","8":"category-te-fundit","9":"category-vendi","10":"tag-akuzohet-se-ndertoi-disa-shtepi-pushimi-pa-leje","11":"tag-emri-foto-prangoset-ish-kryeinspektori-i-imt"},"_links":{"self":[{"href":"https:\/\/jugulajm.net\/index.php?rest_route=\/wp\/v2\/posts\/90750","targetHints":{"allow":["GET"]}}],"collection":[{"href":"https:\/\/jugulajm.net\/index.php?rest_route=\/wp\/v2\/posts"}],"about":[{"href":"https:\/\/jugulajm.net\/index.php?rest_route=\/wp\/v2\/types\/post"}],"author":[{"embeddable":true,"href":"https:\/\/jugulajm.net\/index.php?rest_route=\/wp\/v2\/users\/5"}],"replies":[{"embeddable":true,"href":"https:\/\/jugulajm.net\/index.php?rest_route=%2Fwp%2Fv2%2Fcomments&post=90750"}],"version-history":[{"count":1,"href":"https:\/\/jugulajm.net\/index.php?rest_route=\/wp\/v2\/posts\/90750\/revisions"}],"predecessor-version":[{"id":90751,"href":"https:\/\/jugulajm.net\/index.php?rest_route=\/wp\/v2\/posts\/90750\/revisions\/90751"}],"wp:featuredmedia":[{"embeddable":true,"href":"https:\/\/jugulajm.net\/index.php?rest_route=\/wp\/v2\/media\/53724"}],"wp:attachment":[{"href":"https:\/\/jugulajm.net\/index.php?rest_route=%2Fwp%2Fv2%2Fmedia&parent=90750"}],"wp:term":[{"taxonomy":"category","embeddable":true,"href":"https:\/\/jugulajm.net\/index.php?rest_route=%2Fwp%2Fv2%2Fcategories&post=90750"},{"taxonomy":"post_tag","embeddable":true,"href":"https:\/\/jugulajm.net\/index.php?rest_route=%2Fwp%2Fv2%2Ftags&post=90750"}],"curies":[{"name":"wp","href":"https:\/\/api.w.org\/{rel}","templated":true}]}}