{"id":90727,"date":"2025-08-26T19:09:04","date_gmt":"2025-08-26T17:09:04","guid":{"rendered":"https:\/\/jugulajm.net\/?p=90727"},"modified":"2025-08-26T19:09:04","modified_gmt":"2025-08-26T17:09:04","slug":"prej-2-ditesh-po-digjet-pylli-i-poros-ne-ndihme-2-helikoptere","status":"publish","type":"post","link":"https:\/\/jugulajm.net\/?p=90727","title":{"rendered":"Prej 2 dit\u00ebsh po digjet pylli i Poros, n\u00eb ndihm\u00eb 2 helikopter\u00eb"},"content":{"rendered":"<p class=\"selectionShareable\">Nuk \u00ebsht\u00eb shuar ende zjarri n\u00eb pyllin e Poros n\u00eb Vlor\u00eb, q\u00eb digjet prej dy dit\u00ebsh.<\/p>\n<p class=\"selectionShareable\">Flak\u00ebt kan\u00eb shkrumbuar pishat n\u00eb zon\u00eb nd\u00ebrsa tymi i dendur ka mbulur nj\u00eb pjes\u00eb t\u00eb madhe t\u00eb zon\u00ebs dhe \u00ebsht\u00eb p\u00ebrhapur deri n\u00eb Vlor\u00eb.<\/p>\n<p class=\"selectionShareable\">Dy helikopter\u00eb po p\u00ebrpiqen t\u00eb v\u00ebn\u00eb n\u00ebn kontroll flak\u00ebt duke u ardhur n\u00eb ndihm\u00eb sh\u00ebrbimeve zjarrfik\u00ebse.<\/p>\n","protected":false},"excerpt":{"rendered":"<p>Nuk \u00ebsht\u00eb shuar ende zjarri n\u00eb pyllin e Poros n\u00eb Vlor\u00eb, q\u00eb digjet prej dy dit\u00ebsh. Flak\u00ebt kan\u00eb shkrumbuar pishat n\u00eb zon\u00eb nd\u00ebrsa tymi i dendur ka mbulur nj\u00eb pjes\u00eb t\u00eb madhe t\u00eb zon\u00ebs dhe \u00ebsht\u00eb p\u00ebrhapur deri n\u00eb Vlor\u00eb. Dy helikopter\u00eb po p\u00ebrpiqen t\u00eb v\u00ebn\u00eb n\u00ebn kontroll flak\u00ebt duke u ardhur n\u00eb ndihm\u00eb sh\u00ebrbimeve [&hellip;]<\/p>\n","protected":false},"author":5,"featured_media":90728,"comment_status":"closed","ping_status":"closed","sticky":false,"template":"","format":"standard","meta":{"footnotes":""},"categories":[1,6332,29228],"tags":[37831,37830],"class_list":{"0":"post-90727","1":"post","2":"type-post","3":"status-publish","4":"format-standard","5":"has-post-thumbnail","7":"category-aktualitet","8":"category-te-fundit","9":"category-vendi","10":"tag-ne-ndihme-2-helikoptere","11":"tag-prej-2-ditesh-po-digjet-pylli-i-poros"},"_links":{"self":[{"href":"https:\/\/jugulajm.net\/index.php?rest_route=\/wp\/v2\/posts\/90727","targetHints":{"allow":["GET"]}}],"collection":[{"href":"https:\/\/jugulajm.net\/index.php?rest_route=\/wp\/v2\/posts"}],"about":[{"href":"https:\/\/jugulajm.net\/index.php?rest_route=\/wp\/v2\/types\/post"}],"author":[{"embeddable":true,"href":"https:\/\/jugulajm.net\/index.php?rest_route=\/wp\/v2\/users\/5"}],"replies":[{"embeddable":true,"href":"https:\/\/jugulajm.net\/index.php?rest_route=%2Fwp%2Fv2%2Fcomments&post=90727"}],"version-history":[{"count":1,"href":"https:\/\/jugulajm.net\/index.php?rest_route=\/wp\/v2\/posts\/90727\/revisions"}],"predecessor-version":[{"id":90729,"href":"https:\/\/jugulajm.net\/index.php?rest_route=\/wp\/v2\/posts\/90727\/revisions\/90729"}],"wp:featuredmedia":[{"embeddable":true,"href":"https:\/\/jugulajm.net\/index.php?rest_route=\/wp\/v2\/media\/90728"}],"wp:attachment":[{"href":"https:\/\/jugulajm.net\/index.php?rest_route=%2Fwp%2Fv2%2Fmedia&parent=90727"}],"wp:term":[{"taxonomy":"category","embeddable":true,"href":"https:\/\/jugulajm.net\/index.php?rest_route=%2Fwp%2Fv2%2Fcategories&post=90727"},{"taxonomy":"post_tag","embeddable":true,"href":"https:\/\/jugulajm.net\/index.php?rest_route=%2Fwp%2Fv2%2Ftags&post=90727"}],"curies":[{"name":"wp","href":"https:\/\/api.w.org\/{rel}","templated":true}]}}