{"id":90713,"date":"2025-08-26T12:00:38","date_gmt":"2025-08-26T10:00:38","guid":{"rendered":"https:\/\/jugulajm.net\/?p=90713"},"modified":"2025-08-26T12:00:38","modified_gmt":"2025-08-26T10:00:38","slug":"dimal-basha-zgjidhet-kryetari-i-ri-i-kuvendit-te-kosoves","status":"publish","type":"post","link":"https:\/\/jugulajm.net\/?p=90713","title":{"rendered":"Dimal Basha zgjidhet kryetari i ri i Kuvendit t\u00eb Kosov\u00ebs"},"content":{"rendered":"<p>Deputeti i L\u00ebvizjes Vet\u00ebvendosje, Dimal Basha, \u00ebsht\u00eb zgjedhur kryetar i Kuvendit t\u00eb Kosov\u00ebs t\u00eb mart\u00ebn.<\/p>\n<p>Zgjedhja e Bash\u00ebs kryeparlamentar i hap rrug\u00ebn konstituimit t\u00eb Kuvendit dhe formimit t\u00eb Qeveris\u00eb s\u00eb re, pas nj\u00eb ng\u00ebr\u00e7i t\u00eb gjat\u00eb politik, pas zgjedhjeve t\u00eb 9 shkurtit.<\/p>\n<p>Basha mori 73 vota pro, 30 kund\u00ebr dhe tri abstenime.<\/p>\n<p>Ai arriti t\u2019i marr\u00eb votat e nevojshme fal\u00eb vot\u00ebs s\u00eb nj\u00eb pjes\u00eb t\u00eb deputet\u00ebve t\u00eb Partis\u00eb Demokratike t\u00eb Kosov\u00ebs (PDK), Aleanc\u00ebs p\u00ebr Ardhm\u00ebrin\u00eb e Kosov\u00ebs (AAK), dhe nj\u00eb pjese t\u00eb pakicave.<\/p>\n<div class=\"td-a-ad id_inline_ad2 id_ad_content-horiz-center\"><\/div>\n<p>Lidhja Demokratike e Kosov\u00ebs (LDK) dhe Lista Serbe votuan kund\u00ebr.<\/p>\n<p>Basha, tashm\u00eb nga posti i kryeparlamentarit, shpalli nj\u00eb pauz\u00eb nj\u00ebor\u00ebshe, pas s\u00eb cil\u00ebs pritet t\u00eb zgjidhen n\u00ebnkryetar\u00ebt e Kuvendit. Me zgjedhjen e tyre, Kuvendi konsiderohet i konstituuar dhe i hapet rruga formimit t\u00eb qeveris\u00eb.<\/p>\n<p>N\u00eb prag t\u00eb vazhdimit t\u00eb seanc\u00ebs konstituive t\u00eb Kuvendit t\u00eb Kosov\u00ebs, kryetari i partis\u00eb s\u00eb dyt\u00eb m\u00eb t\u00eb madhe parlamentare, PDK, Memli Krasniqi k\u00ebrkoi takim konsultativ mes partive parlamentare.<\/p>\n<p>\u201cK\u00ebrkesa p\u00ebr konsult\u00eb, sikurse at\u00eb dit\u00eb, edhe sot \u00ebsht\u00eb p\u00ebr t\u2019iu th\u00ebn\u00eb L\u00ebvizjes Vet\u00ebvendosje, se ai jeni i sigurt q\u00eb d\u00ebshironi ta degradoni nivelin e p\u00ebrfaq\u00ebsimit t\u00eb Kuvendit t\u00eb Kosov\u00ebs duke e vendosur nj\u00eb kandidat, i cili, sipas neve, as nuk i plot\u00ebson kriteret e as nuk \u00ebsht\u00eb i duhuri\u201d, tha Krasniqi p\u00ebr media.<\/p>\n<p>Ai theksoi se n\u00ebse L\u00ebvizja Vet\u00ebvendosje \u201cv\u00ebrtet konsideron se Dimal Basha \u00ebsht\u00eb kandidati m\u00eb i mir\u00eb q\u00eb ata kan\u00eb, ne do ta votojm\u00eb, edhe pse nuk besojm\u00eb se nj\u00eb gj\u00eb e till\u00eb q\u00ebndron\u201d.<\/p>\n<p>PDK-ja ishte kritikuar q\u00eb nuk e kishte votuar Bash\u00ebn p\u00ebr kryetar t\u00eb Kuvendit n\u00eb seanc\u00ebn e kaluar, pasi ishte shprehur se do t\u2019i votonte kandidat\u00ebt e Vet\u00ebvendosjes q\u00eb nuk ishin ministra n\u00eb Qeverin\u00eb Kurti II.<\/p>\n<p>Vet\u00ebm pas em\u00ebrimit t\u00eb kryetarit t\u00eb ri dhe pes\u00eb n\u00ebnkryetar\u00ebve kompletohet konstituimi i Kuvendit dhe hapet rruga p\u00ebr formimin e nj\u00eb qeverie t\u00eb re.<\/p>\n","protected":false},"excerpt":{"rendered":"<p>Deputeti i L\u00ebvizjes Vet\u00ebvendosje, Dimal Basha, \u00ebsht\u00eb zgjedhur kryetar i Kuvendit t\u00eb Kosov\u00ebs t\u00eb mart\u00ebn. Zgjedhja e Bash\u00ebs kryeparlamentar i hap rrug\u00ebn konstituimit t\u00eb Kuvendit dhe formimit t\u00eb Qeveris\u00eb s\u00eb re, pas nj\u00eb ng\u00ebr\u00e7i t\u00eb gjat\u00eb politik, pas zgjedhjeve t\u00eb 9 shkurtit. Basha mori 73 vota pro, 30 kund\u00ebr dhe tri abstenime. Ai arriti t\u2019i [&hellip;]<\/p>\n","protected":false},"author":5,"featured_media":90714,"comment_status":"closed","ping_status":"closed","sticky":false,"template":"","format":"standard","meta":{"footnotes":""},"categories":[27451,6326,6332],"tags":[37820],"class_list":{"0":"post-90713","1":"post","2":"type-post","3":"status-publish","4":"format-standard","5":"has-post-thumbnail","7":"category-kosova","8":"category-politike","9":"category-te-fundit","10":"tag-dimal-basha-zgjidhet-kryetari-i-ri-i-kuvendit-te-kosoves"},"_links":{"self":[{"href":"https:\/\/jugulajm.net\/index.php?rest_route=\/wp\/v2\/posts\/90713","targetHints":{"allow":["GET"]}}],"collection":[{"href":"https:\/\/jugulajm.net\/index.php?rest_route=\/wp\/v2\/posts"}],"about":[{"href":"https:\/\/jugulajm.net\/index.php?rest_route=\/wp\/v2\/types\/post"}],"author":[{"embeddable":true,"href":"https:\/\/jugulajm.net\/index.php?rest_route=\/wp\/v2\/users\/5"}],"replies":[{"embeddable":true,"href":"https:\/\/jugulajm.net\/index.php?rest_route=%2Fwp%2Fv2%2Fcomments&post=90713"}],"version-history":[{"count":1,"href":"https:\/\/jugulajm.net\/index.php?rest_route=\/wp\/v2\/posts\/90713\/revisions"}],"predecessor-version":[{"id":90715,"href":"https:\/\/jugulajm.net\/index.php?rest_route=\/wp\/v2\/posts\/90713\/revisions\/90715"}],"wp:featuredmedia":[{"embeddable":true,"href":"https:\/\/jugulajm.net\/index.php?rest_route=\/wp\/v2\/media\/90714"}],"wp:attachment":[{"href":"https:\/\/jugulajm.net\/index.php?rest_route=%2Fwp%2Fv2%2Fmedia&parent=90713"}],"wp:term":[{"taxonomy":"category","embeddable":true,"href":"https:\/\/jugulajm.net\/index.php?rest_route=%2Fwp%2Fv2%2Fcategories&post=90713"},{"taxonomy":"post_tag","embeddable":true,"href":"https:\/\/jugulajm.net\/index.php?rest_route=%2Fwp%2Fv2%2Ftags&post=90713"}],"curies":[{"name":"wp","href":"https:\/\/api.w.org\/{rel}","templated":true}]}}