{"id":90693,"date":"2025-08-25T18:14:17","date_gmt":"2025-08-25T16:14:17","guid":{"rendered":"https:\/\/jugulajm.net\/?p=90693"},"modified":"2025-08-25T18:14:17","modified_gmt":"2025-08-25T16:14:17","slug":"vrasja-ne-greqi-flet-vajza-mami-bertiste-per-ndihme-ai-e-terhoqi-nga-floket-dhe","status":"publish","type":"post","link":"https:\/\/jugulajm.net\/?p=90693","title":{"rendered":"Vrasja n\u00eb Greqi, flet vajza: Mami b\u00ebrtiste p\u00ebr ndihm\u00eb, ai e t\u00ebrhoqi nga flok\u00ebt dhe&#8230;"},"content":{"rendered":"<p>Vrasja brenda familjes shqiptare n\u00eb Volos t\u00eb Greqis\u00eb ka tronditur mbar\u00eb opinionin publik n\u00eb shtetin fqinj, por dhe n\u00eb vendin ton\u00eb.<\/p>\n<p>Vajza 18-vje\u00e7are e \u00e7iftit Nakoleci ka folur p\u00ebr televizionin grek Mega duke treguar t\u00eb gjith\u00eb dinamik\u00ebn.<\/p>\n<p>Ajo shprehet se ishte d\u00ebshmitare e t\u00eb gjith\u00eb krimit dhe pa se si i ati vrau me thik\u00eb n\u00ebn\u00ebn e saj.<\/p>\n<p>18-vje\u00e7arja thot\u00eb se nuk do q\u00eb ta shikoj\u00eb m\u00eb t\u00eb atin.pande<\/p>\n<p><strong>Vajza:\u00a0<\/strong><em>U grind\u00ebn sepse babai im ishte shum\u00eb xheloz.<\/em><\/p>\n<p><em><strong>Pyetje: Nuk jan\u00eb grindur m\u00eb par\u00eb?<\/strong><\/em><\/p>\n<p>Vajza: Jan\u00eb grindur por jo k\u00ebshtu. Ishim mir\u00eb. Koh\u00ebt e fundit kishte filluar pun\u00ebn. Punonte normalisht, ishte normal. Nuk b\u00ebrtiste, nuk pinte, asgj\u00eb nga k\u00ebto. Thjesht filloi nga xhelozia dhe p\u00ebr k\u00ebt\u00eb arsye e b\u00ebri.<\/p>\n<p><em><strong>Pyetje: Ishe aty?<\/strong><\/em><\/p>\n<p><strong>Vajza:\u00a0<\/strong><em>Po. N\u00ebna ime b\u00ebrtiste \u2018ndihm\u00eb ndihm\u00eb\u2019, ai veproi shpejt dhe iku. Pash\u00eb gjith\u00e7ka, edhe kur ai e goditi me thik\u00eb dhe ajo po b\u00ebrtiste, edhe kur e t\u00ebrhoqi nga flok\u00ebt dhe e hodhi p\u00ebrtok\u00eb. Ata ishin n\u00eb dhom\u00eb, po b\u00ebrtisnin. Nuk i kushtova shum\u00eb v\u00ebmendje, po flija. Pastaj mami filloi t\u00eb thoshte \u2018Do t\u00eb m\u00eb vras\u00ebsh\u2019? Pastaj filloi t\u00eb vraponte. Ishim un\u00eb dhe v\u00ebllai im, ai \u00ebsht\u00eb 13 vje\u00e7. Nuk di \u00e7far\u00eb t\u00eb them. Ishte e papritur. Nuk di \u00e7far\u00eb t\u00eb mendoj. U grind\u00ebn p\u00ebr k\u00ebt\u00eb dhe mami i tha \u2018m\u00eb mir\u00eb t\u00eb ndahemi\u2019. Ai iku nj\u00ebher\u00eb p\u00ebr dy dit\u00eb, nuk e nxorri jasht\u00eb mami, iku vet\u00eb dhe pastaj u kthye dy dit\u00eb m\u00eb von\u00eb dhe na thoshte m\u00eb vjen, por ne e besuam. Nuk dua ta shoh m\u00eb.<\/em><\/p>\n<p><em><strong>Pyetje: A kishte tentuar ndonj\u00ebher\u00eb vet\u00ebvrasjen?<\/strong><\/em><\/p>\n<p><strong>Vajza:\u00a0<\/strong><em>Po nj\u00eb her\u00eb, k\u00ebt\u00eb vit n\u00eb fakt. P\u00ebr t\u00eb nj\u00ebjt\u00ebn arsye.<\/em><\/p>\n<p><em><strong>Pyetje: A ja mori celularin mamit p\u00ebr t\u00eb kontrolluar mesazhet?<\/strong><\/em><\/p>\n<p><strong>Vajza:<\/strong>\u00a0<em>Po, po.<\/em><\/p>\n<p>40-vje\u00e7ari\u00a0Pandeli Nakoleci\u00a0e goditi me thik\u00eb n\u00eb kraharor bashk\u00ebshorten e tij Marjola Nakoleci, pas sherrit p\u00ebr xhelozin\u00eb. Sipas tij, ajo e tradhtonte dhe nj\u00eb f\u00ebmij\u00eb q\u00eb kishte humbur nuk ishte i tij, por i nj\u00eb burri tjet\u00ebr.<\/p>\n","protected":false},"excerpt":{"rendered":"<p>Vrasja brenda familjes shqiptare n\u00eb Volos t\u00eb Greqis\u00eb ka tronditur mbar\u00eb opinionin publik n\u00eb shtetin fqinj, por dhe n\u00eb vendin ton\u00eb. Vajza 18-vje\u00e7are e \u00e7iftit Nakoleci ka folur p\u00ebr televizionin grek Mega duke treguar t\u00eb gjith\u00eb dinamik\u00ebn. Ajo shprehet se ishte d\u00ebshmitare e t\u00eb gjith\u00eb krimit dhe pa se si i ati vrau me thik\u00eb [&hellip;]<\/p>\n","protected":false},"author":5,"featured_media":90581,"comment_status":"closed","ping_status":"closed","sticky":false,"template":"","format":"standard","meta":{"footnotes":""},"categories":[1,7664,6332],"tags":[37811,37810,37809],"class_list":{"0":"post-90693","1":"post","2":"type-post","3":"status-publish","4":"format-standard","5":"has-post-thumbnail","7":"category-aktualitet","8":"category-bota","9":"category-te-fundit","10":"tag-ai-e-terhoqi-nga-floket-dhe","11":"tag-flet-vajza-mami-bertiste-per-ndihme","12":"tag-vrasja-ne-greqi"},"_links":{"self":[{"href":"https:\/\/jugulajm.net\/index.php?rest_route=\/wp\/v2\/posts\/90693","targetHints":{"allow":["GET"]}}],"collection":[{"href":"https:\/\/jugulajm.net\/index.php?rest_route=\/wp\/v2\/posts"}],"about":[{"href":"https:\/\/jugulajm.net\/index.php?rest_route=\/wp\/v2\/types\/post"}],"author":[{"embeddable":true,"href":"https:\/\/jugulajm.net\/index.php?rest_route=\/wp\/v2\/users\/5"}],"replies":[{"embeddable":true,"href":"https:\/\/jugulajm.net\/index.php?rest_route=%2Fwp%2Fv2%2Fcomments&post=90693"}],"version-history":[{"count":1,"href":"https:\/\/jugulajm.net\/index.php?rest_route=\/wp\/v2\/posts\/90693\/revisions"}],"predecessor-version":[{"id":90694,"href":"https:\/\/jugulajm.net\/index.php?rest_route=\/wp\/v2\/posts\/90693\/revisions\/90694"}],"wp:featuredmedia":[{"embeddable":true,"href":"https:\/\/jugulajm.net\/index.php?rest_route=\/wp\/v2\/media\/90581"}],"wp:attachment":[{"href":"https:\/\/jugulajm.net\/index.php?rest_route=%2Fwp%2Fv2%2Fmedia&parent=90693"}],"wp:term":[{"taxonomy":"category","embeddable":true,"href":"https:\/\/jugulajm.net\/index.php?rest_route=%2Fwp%2Fv2%2Fcategories&post=90693"},{"taxonomy":"post_tag","embeddable":true,"href":"https:\/\/jugulajm.net\/index.php?rest_route=%2Fwp%2Fv2%2Ftags&post=90693"}],"curies":[{"name":"wp","href":"https:\/\/api.w.org\/{rel}","templated":true}]}}