{"id":90682,"date":"2025-08-25T13:21:47","date_gmt":"2025-08-25T11:21:47","guid":{"rendered":"https:\/\/jugulajm.net\/?p=90682"},"modified":"2025-08-25T13:22:51","modified_gmt":"2025-08-25T11:22:51","slug":"video-ndertimet-pa-leje-rama-paralajmeron-gati-paketa","status":"publish","type":"post","link":"https:\/\/jugulajm.net\/?p=90682","title":{"rendered":"VIDEO\/ Nd\u00ebrtimet pa leje, Rama paralajm\u00ebron: Gati paketa&#8230;"},"content":{"rendered":"<p>Kryeministri Edi Rama ka paralajm\u00ebruar se shembja e objekteve t\u00eb paligjshme nuk \u00ebsht\u00eb vet\u00ebm nj\u00eb aksion i p\u00ebrkohsh\u00ebm, por nj\u00eb proces i vazhduesh\u00ebm q\u00eb nuk do t\u00eb ndalet derisa t\u00eb eliminohet plot\u00ebsisht ky fenomen.<\/p>\n<p>N\u00eb nj\u00eb postim t\u00eb publikuar k\u00ebt\u00eb t\u00eb h\u00ebn\u00eb, m\u00eb 25 gusht, Rama thekson se ky proces do t\u00eb shoq\u00ebrohet n\u00eb dit\u00ebt n\u00eb vijim me nj\u00eb paket\u00eb t\u00eb re masash ligjore.<\/p>\n<p><iframe loading=\"lazy\" src=\"https:\/\/www.facebook.com\/plugins\/video.php?height=316&amp;href=https%3A%2F%2Fwww.facebook.com%2Fediramaal%2Fvideos%2F2128526930966830%2F&amp;show_text=false&amp;width=560&amp;t=0\" width=\"560\" height=\"316\" frameborder=\"0\" scrolling=\"no\" allowfullscreen=\"allowfullscreen\" data-mce-fragment=\"1\"><\/iframe><\/p>\n<p><em>\u201cShembja e objekteve t\u00eb paligjshme, e cila ka nisur kudo, nuk \u00ebsht\u00eb nj\u00eb aksion, po nj\u00eb proces q\u00eb jo vet\u00ebm s\u2019do t\u00eb ndalet deri n\u00eb eliminimin e k\u00ebtij fenomeni, por edhe do t\u00eb shoq\u00ebrohet dit\u00ebt n\u00eb vijim me paket\u00ebn e re t\u00eb masave p\u00ebr tkurrjen e k\u00ebtij fenomeni, duke rritur forc\u00ebn godit\u00ebse t\u00eb ligjit mbi fajtor\u00ebt dhe personat p\u00ebrgjegj\u00ebs t\u00eb nivele t\u00eb ndryshme, p\u00ebrfshir\u00eb edhe \u2018symbyllurit\u2019 n\u00eb inspektoriate, polici e me radh\u00eb.\u201d,<\/em>\u00a0shkruan Rama.<\/p>\n<p>K\u00ebt\u00eb postim kryeministri e shoq\u00ebron edhe me nj\u00eb video nga nj\u00eb aksion q\u00eb po kryhet sot n\u00eb qytetin bregdetar t\u00eb Durr\u00ebsit.<\/p>\n<p><em>\u201cK\u00ebto pamje jan\u00eb nga operacioni i nisur sot n\u00eb Kepin e Rodonit, Bashkia Durr\u00ebs, ku nj\u00eb tjet\u00ebr mrekulli e natyr\u00ebs \u00ebsht\u00eb abuzuar p\u00ebr q\u00ebllime fitimi nga nd\u00ebrtime t\u00eb paligjshme.\u201d<\/em>, shkruan ai.<\/p>\n<p>Gjat\u00eb k\u00ebsaj vere kryeministri Rama \u00ebsht\u00eb shprehur i vendosur p\u00ebr t\u00eb luftuar nd\u00ebrtimet pa leje, q\u00eb kan\u00eb qen\u00eb nj\u00eb problem i madh n\u00eb Shqip\u00ebri, duke d\u00ebmtuar jo vet\u00ebm mjedisin por edhe rendin urbanistik dhe investimet e ligjshme. Ai madje ka paralajm\u00ebruar edhe ndryshime n\u00eb Ligjin p\u00ebr nd\u00ebrtimet.<\/p>\n","protected":false},"excerpt":{"rendered":"<p>Kryeministri Edi Rama ka paralajm\u00ebruar se shembja e objekteve t\u00eb paligjshme nuk \u00ebsht\u00eb vet\u00ebm nj\u00eb aksion i p\u00ebrkohsh\u00ebm, por nj\u00eb proces i vazhduesh\u00ebm q\u00eb nuk do t\u00eb ndalet derisa t\u00eb eliminohet plot\u00ebsisht ky fenomen. N\u00eb nj\u00eb postim t\u00eb publikuar k\u00ebt\u00eb t\u00eb h\u00ebn\u00eb, m\u00eb 25 gusht, Rama thekson se ky proces do t\u00eb shoq\u00ebrohet n\u00eb dit\u00ebt [&hellip;]<\/p>\n","protected":false},"author":5,"featured_media":66210,"comment_status":"closed","ping_status":"closed","sticky":false,"template":"","format":"standard","meta":{"footnotes":""},"categories":[1,6332,29228],"tags":[37802,37801],"class_list":{"0":"post-90682","1":"post","2":"type-post","3":"status-publish","4":"format-standard","5":"has-post-thumbnail","7":"category-aktualitet","8":"category-te-fundit","9":"category-vendi","10":"tag-rama-paralajmeron-gati-paketa","11":"tag-video-ndertimet-pa-leje"},"_links":{"self":[{"href":"https:\/\/jugulajm.net\/index.php?rest_route=\/wp\/v2\/posts\/90682","targetHints":{"allow":["GET"]}}],"collection":[{"href":"https:\/\/jugulajm.net\/index.php?rest_route=\/wp\/v2\/posts"}],"about":[{"href":"https:\/\/jugulajm.net\/index.php?rest_route=\/wp\/v2\/types\/post"}],"author":[{"embeddable":true,"href":"https:\/\/jugulajm.net\/index.php?rest_route=\/wp\/v2\/users\/5"}],"replies":[{"embeddable":true,"href":"https:\/\/jugulajm.net\/index.php?rest_route=%2Fwp%2Fv2%2Fcomments&post=90682"}],"version-history":[{"count":2,"href":"https:\/\/jugulajm.net\/index.php?rest_route=\/wp\/v2\/posts\/90682\/revisions"}],"predecessor-version":[{"id":90684,"href":"https:\/\/jugulajm.net\/index.php?rest_route=\/wp\/v2\/posts\/90682\/revisions\/90684"}],"wp:featuredmedia":[{"embeddable":true,"href":"https:\/\/jugulajm.net\/index.php?rest_route=\/wp\/v2\/media\/66210"}],"wp:attachment":[{"href":"https:\/\/jugulajm.net\/index.php?rest_route=%2Fwp%2Fv2%2Fmedia&parent=90682"}],"wp:term":[{"taxonomy":"category","embeddable":true,"href":"https:\/\/jugulajm.net\/index.php?rest_route=%2Fwp%2Fv2%2Fcategories&post=90682"},{"taxonomy":"post_tag","embeddable":true,"href":"https:\/\/jugulajm.net\/index.php?rest_route=%2Fwp%2Fv2%2Ftags&post=90682"}],"curies":[{"name":"wp","href":"https:\/\/api.w.org\/{rel}","templated":true}]}}