{"id":90679,"date":"2025-08-25T12:27:33","date_gmt":"2025-08-25T10:27:33","guid":{"rendered":"https:\/\/jugulajm.net\/?p=90679"},"modified":"2025-08-25T12:27:33","modified_gmt":"2025-08-25T10:27:33","slug":"vellai-godet-me-thike-vellane-por","status":"publish","type":"post","link":"https:\/\/jugulajm.net\/?p=90679","title":{"rendered":"V\u00ebllai godet me thik\u00eb v\u00ebllan\u00eb, por&#8230;"},"content":{"rendered":"<p>Nj\u00eb 49-vje\u00e7ar ka goditur me thik\u00eb v\u00ebllan\u00eb e tij pas nj\u00eb sherri t\u00eb \u00e7astit.<\/p>\n<p>I plagosuri \u00ebsht\u00eb d\u00ebrguar n\u00eb spital p\u00ebr t\u00eb marr\u00eb ndihm\u00eb mjek\u00ebsore dhe pas k\u00ebsaj \u00ebsht\u00eb proceduar penalisht pasi dha deklarat\u00eb t\u00eb rreme para efektiv\u00ebve duke fshehur t\u00eb v\u00ebrtet\u00ebn.<\/p>\n<p><em>&#8220;Policia e Tiran\u00ebs b\u00ebn me dije se shtetasin B. H., 49 vje\u00e7 ka goditur me thik\u00eb v\u00ebllan\u00eb e tij, i cili pasi ka marr\u00eb ndihm\u00eb n\u00eb spital \u00ebsht\u00eb larguar p\u00ebr n\u00eb sht\u00ebpi.<\/em><\/p>\n<p><em>Nd\u00ebrkoh\u00eb n\u00eb pranga ka r\u00ebn\u00eb autori, e nd\u00ebrsa i plagosuri \u00ebsht\u00eb proceduar penalisht pasi n\u00eb polici nuk ka deklaruar t\u00eb v\u00ebrtet\u00ebn mbi ngjarjen, e duke tentuar fshehjen e saj.<\/em><\/p>\n<p><em>Specialist\u00ebt p\u00ebr Hetimin e Krimeve t\u00eb Komisariatit t\u00eb Policis\u00eb Nr. 6: arrestuan shtetasin B. H., 49 vje\u00e7 dhe referuan materialet n\u00eb Prokurori, ku nisi procedimi penal p\u00ebr shtetasin B. H., 48 vje\u00e7, v\u00ebllez\u00ebr, pasi gjat\u00eb nj\u00eb konflikti t\u00eb \u00e7astit p\u00ebr motive t\u00eb dob\u00ebta, 49-vje\u00e7ari ka goditur me nj\u00eb mjet prer\u00ebs v\u00ebllain e tij, nd\u00ebrsa ky i fundit ka dh\u00ebn\u00eb deklarata t\u00eb rreme p\u00ebrpara oficerit t\u00eb policis\u00eb, duke mos treguar t\u00eb v\u00ebrtet\u00ebn mbi ngjarjen.<\/em><\/p>\n<p><em>N\u00eb cil\u00ebsin\u00eb e prov\u00ebs materiale u sekuestruan 3 arm\u00eb t\u00eb ftohta&#8221;<\/em>, njofton policia.<\/p>\n","protected":false},"excerpt":{"rendered":"<p>Nj\u00eb 49-vje\u00e7ar ka goditur me thik\u00eb v\u00ebllan\u00eb e tij pas nj\u00eb sherri t\u00eb \u00e7astit. I plagosuri \u00ebsht\u00eb d\u00ebrguar n\u00eb spital p\u00ebr t\u00eb marr\u00eb ndihm\u00eb mjek\u00ebsore dhe pas k\u00ebsaj \u00ebsht\u00eb proceduar penalisht pasi dha deklarat\u00eb t\u00eb rreme para efektiv\u00ebve duke fshehur t\u00eb v\u00ebrtet\u00ebn. &#8220;Policia e Tiran\u00ebs b\u00ebn me dije se shtetasin B. H., 49 vje\u00e7 ka [&hellip;]<\/p>\n","protected":false},"author":5,"featured_media":51534,"comment_status":"closed","ping_status":"closed","sticky":false,"template":"","format":"standard","meta":{"footnotes":""},"categories":[1,6332,29228],"tags":[21429,37800],"class_list":{"0":"post-90679","1":"post","2":"type-post","3":"status-publish","4":"format-standard","5":"has-post-thumbnail","7":"category-aktualitet","8":"category-te-fundit","9":"category-vendi","10":"tag-por","11":"tag-vellai-godet-me-thike-vellane"},"_links":{"self":[{"href":"https:\/\/jugulajm.net\/index.php?rest_route=\/wp\/v2\/posts\/90679","targetHints":{"allow":["GET"]}}],"collection":[{"href":"https:\/\/jugulajm.net\/index.php?rest_route=\/wp\/v2\/posts"}],"about":[{"href":"https:\/\/jugulajm.net\/index.php?rest_route=\/wp\/v2\/types\/post"}],"author":[{"embeddable":true,"href":"https:\/\/jugulajm.net\/index.php?rest_route=\/wp\/v2\/users\/5"}],"replies":[{"embeddable":true,"href":"https:\/\/jugulajm.net\/index.php?rest_route=%2Fwp%2Fv2%2Fcomments&post=90679"}],"version-history":[{"count":1,"href":"https:\/\/jugulajm.net\/index.php?rest_route=\/wp\/v2\/posts\/90679\/revisions"}],"predecessor-version":[{"id":90680,"href":"https:\/\/jugulajm.net\/index.php?rest_route=\/wp\/v2\/posts\/90679\/revisions\/90680"}],"wp:featuredmedia":[{"embeddable":true,"href":"https:\/\/jugulajm.net\/index.php?rest_route=\/wp\/v2\/media\/51534"}],"wp:attachment":[{"href":"https:\/\/jugulajm.net\/index.php?rest_route=%2Fwp%2Fv2%2Fmedia&parent=90679"}],"wp:term":[{"taxonomy":"category","embeddable":true,"href":"https:\/\/jugulajm.net\/index.php?rest_route=%2Fwp%2Fv2%2Fcategories&post=90679"},{"taxonomy":"post_tag","embeddable":true,"href":"https:\/\/jugulajm.net\/index.php?rest_route=%2Fwp%2Fv2%2Ftags&post=90679"}],"curies":[{"name":"wp","href":"https:\/\/api.w.org\/{rel}","templated":true}]}}