{"id":90646,"date":"2025-08-24T18:37:21","date_gmt":"2025-08-24T16:37:21","guid":{"rendered":"https:\/\/jugulajm.net\/?p=90646"},"modified":"2025-08-24T18:41:38","modified_gmt":"2025-08-24T16:41:38","slug":"fillimi-i-shkolles-neser-nis-shperndarja-e-librave-ne-vend","status":"publish","type":"post","link":"https:\/\/jugulajm.net\/?p=90646","title":{"rendered":"Fillimi i shkoll\u00ebs, nes\u00ebr nis shp\u00ebrndarja e librave n\u00eb vend&#8230;"},"content":{"rendered":"<p>Dit\u00ebt e fundit t\u00eb muajit gusht p\u00ebrkojn\u00eb me p\u00ebrgatitjet p\u00ebr nisjen e vitit t\u00eb ri shkollor.<\/p>\n<p>P\u00ebrmes nj\u00eb postimi n\u00eb rrjetet sociale, Ministrja e Arsimit dhe Sportit, Ogerta Manastirliu, njoftoi se nes\u00ebr, m\u00eb 25 gusht, nis zyrtarisht shp\u00ebrndarja e librave falas n\u00eb t\u00eb gjitha shkollat e vendit.<\/p>\n<p>Shp\u00ebrndarja e librave \u00ebsht\u00eb pjes\u00eb e p\u00ebrgatitjeve p\u00ebr vitin e ri shkollor q\u00eb do t\u00eb nis\u00eb m\u00eb 8 shtator.<\/p>\n<div class=\"kodiim\" data-mce-contenteditable=\"false\"><\/div>\n","protected":false},"excerpt":{"rendered":"<p>Dit\u00ebt e fundit t\u00eb muajit gusht p\u00ebrkojn\u00eb me p\u00ebrgatitjet p\u00ebr nisjen e vitit t\u00eb ri shkollor. P\u00ebrmes nj\u00eb postimi n\u00eb rrjetet sociale, Ministrja e Arsimit dhe Sportit, Ogerta Manastirliu, njoftoi se nes\u00ebr, m\u00eb 25 gusht, nis zyrtarisht shp\u00ebrndarja e librave falas n\u00eb t\u00eb gjitha shkollat e vendit. Shp\u00ebrndarja e librave \u00ebsht\u00eb pjes\u00eb e p\u00ebrgatitjeve p\u00ebr [&hellip;]<\/p>\n","protected":false},"author":5,"featured_media":90647,"comment_status":"closed","ping_status":"closed","sticky":false,"template":"","format":"standard","meta":{"footnotes":""},"categories":[7520,6332,29228],"tags":[37787,37788],"class_list":{"0":"post-90646","1":"post","2":"type-post","3":"status-publish","4":"format-standard","5":"has-post-thumbnail","7":"category-arsim","8":"category-te-fundit","9":"category-vendi","10":"tag-fillimi-i-shkolles","11":"tag-neser-nis-shperndarja-e-librave-ne-vend"},"_links":{"self":[{"href":"https:\/\/jugulajm.net\/index.php?rest_route=\/wp\/v2\/posts\/90646","targetHints":{"allow":["GET"]}}],"collection":[{"href":"https:\/\/jugulajm.net\/index.php?rest_route=\/wp\/v2\/posts"}],"about":[{"href":"https:\/\/jugulajm.net\/index.php?rest_route=\/wp\/v2\/types\/post"}],"author":[{"embeddable":true,"href":"https:\/\/jugulajm.net\/index.php?rest_route=\/wp\/v2\/users\/5"}],"replies":[{"embeddable":true,"href":"https:\/\/jugulajm.net\/index.php?rest_route=%2Fwp%2Fv2%2Fcomments&post=90646"}],"version-history":[{"count":2,"href":"https:\/\/jugulajm.net\/index.php?rest_route=\/wp\/v2\/posts\/90646\/revisions"}],"predecessor-version":[{"id":90649,"href":"https:\/\/jugulajm.net\/index.php?rest_route=\/wp\/v2\/posts\/90646\/revisions\/90649"}],"wp:featuredmedia":[{"embeddable":true,"href":"https:\/\/jugulajm.net\/index.php?rest_route=\/wp\/v2\/media\/90647"}],"wp:attachment":[{"href":"https:\/\/jugulajm.net\/index.php?rest_route=%2Fwp%2Fv2%2Fmedia&parent=90646"}],"wp:term":[{"taxonomy":"category","embeddable":true,"href":"https:\/\/jugulajm.net\/index.php?rest_route=%2Fwp%2Fv2%2Fcategories&post=90646"},{"taxonomy":"post_tag","embeddable":true,"href":"https:\/\/jugulajm.net\/index.php?rest_route=%2Fwp%2Fv2%2Ftags&post=90646"}],"curies":[{"name":"wp","href":"https:\/\/api.w.org\/{rel}","templated":true}]}}