{"id":90635,"date":"2025-08-24T14:12:33","date_gmt":"2025-08-24T12:12:33","guid":{"rendered":"https:\/\/jugulajm.net\/?p=90635"},"modified":"2025-08-24T14:12:33","modified_gmt":"2025-08-24T12:12:33","slug":"video-kryeministri-rama-spitali-rajonal-i-gjirokastres-po-rilind-nga-themelet-do-tu-sherbeje","status":"publish","type":"post","link":"https:\/\/jugulajm.net\/?p=90635","title":{"rendered":"VIDEO\/ Kryeministri Rama: Spitali Rajonal i Gjirokastr\u00ebs po rilind nga themelet, do t\u2019u sh\u00ebrbej\u00eb&#8230;"},"content":{"rendered":"<p>Spitali i Gjirokastr\u00ebs po rilind!<\/p>\n<p>K\u00ebshtu u shpreh kryeministri Edi Rama, i cili ndau disa pamje me ndjek\u00ebsit n\u00eb rrjetet e tij sociale.<\/p>\n<p>Ky spital me p\u00ebrfundimin e tij tha Rama do t\u2019u sh\u00ebrbej\u00eb mbi 60 mij\u00eb banor\u00ebve t\u00eb zon\u00ebs, por dhe qindra apo mij\u00ebrave turist\u00ebve, t\u00eb cil\u00ebt zgjedhin t\u00eb vizitojn\u00eb nga af\u00ebr qytetin e gurt\u00eb, q\u00eb vijon t\u00eb jet\u00eb nj\u00eb atraksion i ve\u00e7ant\u00eb n\u00eb \u00e7do stin\u00eb.<br \/>\n<iframe loading=\"lazy\" src=\"https:\/\/www.facebook.com\/plugins\/video.php?height=314&amp;href=https%3A%2F%2Fwww.facebook.com%2Fediramaal%2Fvideos%2F1130841558951827%2F&amp;show_text=false&amp;width=560&amp;t=0\" width=\"560\" height=\"314\" frameborder=\"0\" scrolling=\"no\" allowfullscreen=\"allowfullscreen\" data-mce-fragment=\"1\"><\/iframe><\/p>\n<p>Spitali Rajonal i Gjirokastr\u00ebs po rilind nga themelet, p\u00ebr t\u2019u sh\u00ebrbyer mbi 60 mij\u00eb banor\u00ebve t\u00eb zon\u00ebs dhe qindra mij\u00ebra turist\u00ebve q\u00eb vizitojn\u00eb qytetin e gurt\u00eb\u201d, shkruan Rama.<\/p>\n","protected":false},"excerpt":{"rendered":"<p>Spitali i Gjirokastr\u00ebs po rilind! K\u00ebshtu u shpreh kryeministri Edi Rama, i cili ndau disa pamje me ndjek\u00ebsit n\u00eb rrjetet e tij sociale. Ky spital me p\u00ebrfundimin e tij tha Rama do t\u2019u sh\u00ebrbej\u00eb mbi 60 mij\u00eb banor\u00ebve t\u00eb zon\u00ebs, por dhe qindra apo mij\u00ebrave turist\u00ebve, t\u00eb cil\u00ebt zgjedhin t\u00eb vizitojn\u00eb nga af\u00ebr qytetin e [&hellip;]<\/p>\n","protected":false},"author":5,"featured_media":90636,"comment_status":"closed","ping_status":"closed","sticky":false,"template":"","format":"standard","meta":{"footnotes":""},"categories":[7652,6332,29228],"tags":[37782,37781],"class_list":{"0":"post-90635","1":"post","2":"type-post","3":"status-publish","4":"format-standard","5":"has-post-thumbnail","7":"category-shendetesi","8":"category-te-fundit","9":"category-vendi","10":"tag-do-tu-sherbeje","11":"tag-kryeministri-rama-spitali-rajonal-i-gjirokastres-po-rilind-nga-themelet"},"_links":{"self":[{"href":"https:\/\/jugulajm.net\/index.php?rest_route=\/wp\/v2\/posts\/90635","targetHints":{"allow":["GET"]}}],"collection":[{"href":"https:\/\/jugulajm.net\/index.php?rest_route=\/wp\/v2\/posts"}],"about":[{"href":"https:\/\/jugulajm.net\/index.php?rest_route=\/wp\/v2\/types\/post"}],"author":[{"embeddable":true,"href":"https:\/\/jugulajm.net\/index.php?rest_route=\/wp\/v2\/users\/5"}],"replies":[{"embeddable":true,"href":"https:\/\/jugulajm.net\/index.php?rest_route=%2Fwp%2Fv2%2Fcomments&post=90635"}],"version-history":[{"count":1,"href":"https:\/\/jugulajm.net\/index.php?rest_route=\/wp\/v2\/posts\/90635\/revisions"}],"predecessor-version":[{"id":90637,"href":"https:\/\/jugulajm.net\/index.php?rest_route=\/wp\/v2\/posts\/90635\/revisions\/90637"}],"wp:featuredmedia":[{"embeddable":true,"href":"https:\/\/jugulajm.net\/index.php?rest_route=\/wp\/v2\/media\/90636"}],"wp:attachment":[{"href":"https:\/\/jugulajm.net\/index.php?rest_route=%2Fwp%2Fv2%2Fmedia&parent=90635"}],"wp:term":[{"taxonomy":"category","embeddable":true,"href":"https:\/\/jugulajm.net\/index.php?rest_route=%2Fwp%2Fv2%2Fcategories&post=90635"},{"taxonomy":"post_tag","embeddable":true,"href":"https:\/\/jugulajm.net\/index.php?rest_route=%2Fwp%2Fv2%2Ftags&post=90635"}],"curies":[{"name":"wp","href":"https:\/\/api.w.org\/{rel}","templated":true}]}}