{"id":90622,"date":"2025-08-24T08:33:27","date_gmt":"2025-08-24T06:33:27","guid":{"rendered":"https:\/\/jugulajm.net\/?p=90622"},"modified":"2025-08-24T08:33:27","modified_gmt":"2025-08-24T06:33:27","slug":"moti-sot-i-qendrueshem-dhe","status":"publish","type":"post","link":"https:\/\/jugulajm.net\/?p=90622","title":{"rendered":"Moti sot, i q\u00ebndruesh\u00ebm dhe&#8230;"},"content":{"rendered":"<p>Sot vendi yn\u00eb do t\u00eb ndikohet nga kushte atmosferike t\u00eb q\u00ebndrueshme.<\/p>\n<p>Gjat\u00eb or\u00ebve t\u00eb para t\u00eb dit\u00ebs, moti parashikohet t\u00eb jet\u00eb i kthjell\u00ebt n\u00eb t\u00eb gjith\u00eb territorin, nd\u00ebrsa nga mesdita deri n\u00eb or\u00ebt e pasdites priten alternime vran\u00ebsirash t\u00eb pakta deri mesatare, m\u00eb t\u00eb theksuara n\u00eb zonat malore lindore.<\/p>\n<p>N\u00eb k\u00ebto zona, vran\u00ebsirat do t\u00eb shoq\u00ebrohen me reshje shiu t\u00eb her\u00ebpashershme dhe me intensitet t\u00eb dob\u00ebt.<\/p>\n<p>Pas pasdites, moti rikthehet p\u00ebrs\u00ebri i kthjell\u00ebt n\u00eb t\u00eb gjith\u00eb vendin.<\/p>\n<p>Era do t\u00eb fryj\u00eb nga veriper\u00ebndimi dhe verilindja me shpejt\u00ebsi mesatare deri n\u00eb 7 metra n\u00eb sekond\u00eb, nd\u00ebrsa n\u00eb lugina dhe p\u00ebrgjat\u00eb vij\u00ebs bregdetare hera-her\u00ebs do t\u00eb arrij\u00eb deri n\u00eb 12 metra n\u00eb sekond\u00eb. Temperaturat do t\u00eb variojn\u00eb nga minimumi prej 12 grad\u00ebsh Celsius deri n\u00eb maksimumin prej 33 grad\u00ebsh.<\/p>\n<p>N\u00eb p\u00ebrgjith\u00ebsi, kjo e diel sjell mot t\u00eb q\u00ebndruesh\u00ebm dhe me kthjellime n\u00eb pjes\u00ebn m\u00eb t\u00eb madhe t\u00eb vendit, nd\u00ebrsa reshjet mbeten t\u00eb kufizuara vet\u00ebm n\u00eb relievet malore lindore.<\/p>\n","protected":false},"excerpt":{"rendered":"<p>Sot vendi yn\u00eb do t\u00eb ndikohet nga kushte atmosferike t\u00eb q\u00ebndrueshme. Gjat\u00eb or\u00ebve t\u00eb para t\u00eb dit\u00ebs, moti parashikohet t\u00eb jet\u00eb i kthjell\u00ebt n\u00eb t\u00eb gjith\u00eb territorin, nd\u00ebrsa nga mesdita deri n\u00eb or\u00ebt e pasdites priten alternime vran\u00ebsirash t\u00eb pakta deri mesatare, m\u00eb t\u00eb theksuara n\u00eb zonat malore lindore. N\u00eb k\u00ebto zona, vran\u00ebsirat do t\u00eb [&hellip;]<\/p>\n","protected":false},"author":5,"featured_media":47842,"comment_status":"closed","ping_status":"closed","sticky":false,"template":"","format":"standard","meta":{"footnotes":""},"categories":[7650,6332,29228],"tags":[37775,20957],"class_list":{"0":"post-90622","1":"post","2":"type-post","3":"status-publish","4":"format-standard","5":"has-post-thumbnail","7":"category-moti","8":"category-te-fundit","9":"category-vendi","10":"tag-i-qendrueshem-dhe","11":"tag-moti-sot"},"_links":{"self":[{"href":"https:\/\/jugulajm.net\/index.php?rest_route=\/wp\/v2\/posts\/90622","targetHints":{"allow":["GET"]}}],"collection":[{"href":"https:\/\/jugulajm.net\/index.php?rest_route=\/wp\/v2\/posts"}],"about":[{"href":"https:\/\/jugulajm.net\/index.php?rest_route=\/wp\/v2\/types\/post"}],"author":[{"embeddable":true,"href":"https:\/\/jugulajm.net\/index.php?rest_route=\/wp\/v2\/users\/5"}],"replies":[{"embeddable":true,"href":"https:\/\/jugulajm.net\/index.php?rest_route=%2Fwp%2Fv2%2Fcomments&post=90622"}],"version-history":[{"count":1,"href":"https:\/\/jugulajm.net\/index.php?rest_route=\/wp\/v2\/posts\/90622\/revisions"}],"predecessor-version":[{"id":90623,"href":"https:\/\/jugulajm.net\/index.php?rest_route=\/wp\/v2\/posts\/90622\/revisions\/90623"}],"wp:featuredmedia":[{"embeddable":true,"href":"https:\/\/jugulajm.net\/index.php?rest_route=\/wp\/v2\/media\/47842"}],"wp:attachment":[{"href":"https:\/\/jugulajm.net\/index.php?rest_route=%2Fwp%2Fv2%2Fmedia&parent=90622"}],"wp:term":[{"taxonomy":"category","embeddable":true,"href":"https:\/\/jugulajm.net\/index.php?rest_route=%2Fwp%2Fv2%2Fcategories&post=90622"},{"taxonomy":"post_tag","embeddable":true,"href":"https:\/\/jugulajm.net\/index.php?rest_route=%2Fwp%2Fv2%2Ftags&post=90622"}],"curies":[{"name":"wp","href":"https:\/\/api.w.org\/{rel}","templated":true}]}}