{"id":90599,"date":"2025-08-23T08:20:30","date_gmt":"2025-08-23T06:20:30","guid":{"rendered":"https:\/\/jugulajm.net\/?p=90599"},"modified":"2025-08-23T08:20:30","modified_gmt":"2025-08-23T06:20:30","slug":"moti-sot-kthjellime-dhe-vranesira-te-pakta-4","status":"publish","type":"post","link":"https:\/\/jugulajm.net\/?p=90599","title":{"rendered":"Moti sot, kthjellime dhe vran\u00ebsira t\u00eb pakta&#8230;"},"content":{"rendered":"<p>Dit\u00ebn e shtun\u00eb vendi yn\u00eb do t\u00eb ndikohet nga kushte atmosferike relativisht t\u00eb paq\u00ebndrueshme.<\/p>\n<p>Moti parashikohet fillimisht me kthjellime si dhe vran\u00ebsira t\u00eb pakta kalimtare nd\u00ebrsa prej or\u00ebve t\u00eb mesdit\u00ebs deri ato t\u00eb pasdites von\u00eb mot me vran\u00ebsira mesatare deri t\u00eb dendura si dhe intervale t\u00eb her\u00ebpashershme me diell.<\/p>\n<p>Vran\u00ebsirat e dendura do t\u00eb shoq\u00ebrohen me reshje shiu t\u00eb her\u00ebpashershme me intensitet t\u00eb ul\u00ebt n\u00eb pjes\u00ebn m\u00eb t\u00eb madhe t\u00eb territorit nd\u00ebrsa n\u00eb relievet malore n\u00eb zon\u00ebn e veriut reshjet n\u00eb periudha afatshkurtra n\u00eb form\u00ebn e shtr\u00ebngatave shoq\u00ebruar me shkarkesa elektrike.<\/p>\n<p>Pas or\u00ebve t\u00eb pasdites mot p\u00ebrs\u00ebri i kthjell\u00ebt n\u00eb t\u00eb gjith\u00eb territorin.<\/p>\n<p>Era do t\u00eb fryj\u00eb me drejtim veriper\u00ebndim \u2013 jugper\u00ebndim me shpejt\u00ebsi mesatare 8 m\/s, nd\u00ebrsa n\u00eb zonat luginore dhe p\u00ebrgjat\u00eb vij\u00ebs bregdetare hera-her\u00ebs do t\u00eb fitoj\u00eb shpejt\u00ebsi 15 m\/s.<\/p>\n","protected":false},"excerpt":{"rendered":"<p>Dit\u00ebn e shtun\u00eb vendi yn\u00eb do t\u00eb ndikohet nga kushte atmosferike relativisht t\u00eb paq\u00ebndrueshme. Moti parashikohet fillimisht me kthjellime si dhe vran\u00ebsira t\u00eb pakta kalimtare nd\u00ebrsa prej or\u00ebve t\u00eb mesdit\u00ebs deri ato t\u00eb pasdites von\u00eb mot me vran\u00ebsira mesatare deri t\u00eb dendura si dhe intervale t\u00eb her\u00ebpashershme me diell. Vran\u00ebsirat e dendura do t\u00eb shoq\u00ebrohen [&hellip;]<\/p>\n","protected":false},"author":5,"featured_media":55361,"comment_status":"closed","ping_status":"closed","sticky":false,"template":"","format":"standard","meta":{"footnotes":""},"categories":[7650,6332,29228],"tags":[37766,20957],"class_list":{"0":"post-90599","1":"post","2":"type-post","3":"status-publish","4":"format-standard","5":"has-post-thumbnail","7":"category-moti","8":"category-te-fundit","9":"category-vendi","10":"tag-kthjellime-dhe-vranesira-te-pakta","11":"tag-moti-sot"},"_links":{"self":[{"href":"https:\/\/jugulajm.net\/index.php?rest_route=\/wp\/v2\/posts\/90599","targetHints":{"allow":["GET"]}}],"collection":[{"href":"https:\/\/jugulajm.net\/index.php?rest_route=\/wp\/v2\/posts"}],"about":[{"href":"https:\/\/jugulajm.net\/index.php?rest_route=\/wp\/v2\/types\/post"}],"author":[{"embeddable":true,"href":"https:\/\/jugulajm.net\/index.php?rest_route=\/wp\/v2\/users\/5"}],"replies":[{"embeddable":true,"href":"https:\/\/jugulajm.net\/index.php?rest_route=%2Fwp%2Fv2%2Fcomments&post=90599"}],"version-history":[{"count":1,"href":"https:\/\/jugulajm.net\/index.php?rest_route=\/wp\/v2\/posts\/90599\/revisions"}],"predecessor-version":[{"id":90600,"href":"https:\/\/jugulajm.net\/index.php?rest_route=\/wp\/v2\/posts\/90599\/revisions\/90600"}],"wp:featuredmedia":[{"embeddable":true,"href":"https:\/\/jugulajm.net\/index.php?rest_route=\/wp\/v2\/media\/55361"}],"wp:attachment":[{"href":"https:\/\/jugulajm.net\/index.php?rest_route=%2Fwp%2Fv2%2Fmedia&parent=90599"}],"wp:term":[{"taxonomy":"category","embeddable":true,"href":"https:\/\/jugulajm.net\/index.php?rest_route=%2Fwp%2Fv2%2Fcategories&post=90599"},{"taxonomy":"post_tag","embeddable":true,"href":"https:\/\/jugulajm.net\/index.php?rest_route=%2Fwp%2Fv2%2Ftags&post=90599"}],"curies":[{"name":"wp","href":"https:\/\/api.w.org\/{rel}","templated":true}]}}