{"id":90532,"date":"2025-08-21T11:37:49","date_gmt":"2025-08-21T09:37:49","guid":{"rendered":"https:\/\/jugulajm.net\/?p=90532"},"modified":"2025-08-21T11:37:49","modified_gmt":"2025-08-21T09:37:49","slug":"arrestohet-31-vjecari-i-mori-me-dhune-makinen-1-shtetasi-ne-rruge","status":"publish","type":"post","link":"https:\/\/jugulajm.net\/?p=90532","title":{"rendered":"Arrestohet 31-vje\u00e7ari, i mori me dhun\u00eb makin\u00ebn 1 shtetasi n\u00eb rrug\u00eb"},"content":{"rendered":"<p>Policia ka v\u00ebn\u00eb n\u00eb pranga nj\u00eb 31-vje\u00e7ar, pasi i mori me dhun\u00eb automjetin, nj\u00eb shtetasi, n\u00eb rrug\u00eb.<\/p>\n<div class=\"jeg_ad jeg_ad_article jnews_content_inline_ads  \">\n<div class=\"ads-wrapper align-center \">\n<div class=\"ads_code\">M\u00ebsohet se \u00ebsht\u00eb arrestuar shtetasi E. A., 31 vje\u00e7 i cili akuzohet p\u00ebr vepr\u00ebn penale \u201cVjedhja me dhun\u00eb\u201d.<\/div>\n<\/div>\n<\/div>\n<p><em>\u201cSh\u00ebrbimet e Komisariatit t\u00eb Policis\u00eb Durr\u00ebs, menj\u00ebher\u00eb pas njoftimit se n\u00eb Sektor Rina, Fllak\u00eb, nj\u00eb shtetas i kishte marr\u00eb me dhun\u00eb automjetin, nj\u00eb 24-vje\u00e7ari, kan\u00eb organizuar pun\u00ebn me q\u00ebllim identifikimin dhe kapjen e autorit.<\/em><\/p>\n<div class=\"jeg_ad jeg_ad_article jnews_content_inline_2_ads  \">\n<div class=\"ads-wrapper align-center \">\n<div class=\"ads_code\"><em>Si rezultat i veprimeve t\u00eb shpejta hetimore, u b\u00eb i mundur identifikimi dhe kapja e autorit t\u00eb dyshuar t\u00eb vjedhjes, shtetasit E. A., 31 vje\u00e7, banues n\u00eb fshatin Fallk\u00eb, Durr\u00ebs, i cili n\u00eb p\u00ebrfundim t\u00eb veprimeve u arrestua p\u00ebr vepr\u00ebn penale \u201cVjedhja me dhun\u00eb\u201d.<\/em><\/div>\n<\/div>\n<\/div>\n<p><em>Po punohet p\u00ebr gjetjen e automjetit dhe identifikimin e personave t\u00eb tjer\u00eb t\u00eb p\u00ebrfshir\u00eb\u201d,<\/em>\u00a0njofton policia.<\/p>\n<p>Materialet procedurale i kaluan Prokuroris\u00eb pran\u00eb Gjykat\u00ebs s\u00eb Shkall\u00ebs s\u00eb Par\u00eb t\u00eb Juridiksionit t\u00eb P\u00ebrgjithsh\u00ebm Durr\u00ebs.<\/p>\n","protected":false},"excerpt":{"rendered":"<p>Policia ka v\u00ebn\u00eb n\u00eb pranga nj\u00eb 31-vje\u00e7ar, pasi i mori me dhun\u00eb automjetin, nj\u00eb shtetasi, n\u00eb rrug\u00eb. M\u00ebsohet se \u00ebsht\u00eb arrestuar shtetasi E. A., 31 vje\u00e7 i cili akuzohet p\u00ebr vepr\u00ebn penale \u201cVjedhja me dhun\u00eb\u201d. \u201cSh\u00ebrbimet e Komisariatit t\u00eb Policis\u00eb Durr\u00ebs, menj\u00ebher\u00eb pas njoftimit se n\u00eb Sektor Rina, Fllak\u00eb, nj\u00eb shtetas i kishte marr\u00eb me [&hellip;]<\/p>\n","protected":false},"author":5,"featured_media":52254,"comment_status":"closed","ping_status":"closed","sticky":false,"template":"","format":"standard","meta":{"footnotes":""},"categories":[1,6332,29228],"tags":[15268,37735],"class_list":{"0":"post-90532","1":"post","2":"type-post","3":"status-publish","4":"format-standard","5":"has-post-thumbnail","7":"category-aktualitet","8":"category-te-fundit","9":"category-vendi","10":"tag-arrestohet-31-vjecari","11":"tag-i-mori-me-dhune-makinen-1-shtetasi-ne-rruge"},"_links":{"self":[{"href":"https:\/\/jugulajm.net\/index.php?rest_route=\/wp\/v2\/posts\/90532","targetHints":{"allow":["GET"]}}],"collection":[{"href":"https:\/\/jugulajm.net\/index.php?rest_route=\/wp\/v2\/posts"}],"about":[{"href":"https:\/\/jugulajm.net\/index.php?rest_route=\/wp\/v2\/types\/post"}],"author":[{"embeddable":true,"href":"https:\/\/jugulajm.net\/index.php?rest_route=\/wp\/v2\/users\/5"}],"replies":[{"embeddable":true,"href":"https:\/\/jugulajm.net\/index.php?rest_route=%2Fwp%2Fv2%2Fcomments&post=90532"}],"version-history":[{"count":1,"href":"https:\/\/jugulajm.net\/index.php?rest_route=\/wp\/v2\/posts\/90532\/revisions"}],"predecessor-version":[{"id":90533,"href":"https:\/\/jugulajm.net\/index.php?rest_route=\/wp\/v2\/posts\/90532\/revisions\/90533"}],"wp:featuredmedia":[{"embeddable":true,"href":"https:\/\/jugulajm.net\/index.php?rest_route=\/wp\/v2\/media\/52254"}],"wp:attachment":[{"href":"https:\/\/jugulajm.net\/index.php?rest_route=%2Fwp%2Fv2%2Fmedia&parent=90532"}],"wp:term":[{"taxonomy":"category","embeddable":true,"href":"https:\/\/jugulajm.net\/index.php?rest_route=%2Fwp%2Fv2%2Fcategories&post=90532"},{"taxonomy":"post_tag","embeddable":true,"href":"https:\/\/jugulajm.net\/index.php?rest_route=%2Fwp%2Fv2%2Ftags&post=90532"}],"curies":[{"name":"wp","href":"https:\/\/api.w.org\/{rel}","templated":true}]}}