{"id":90522,"date":"2025-08-20T20:55:14","date_gmt":"2025-08-20T18:55:14","guid":{"rendered":"https:\/\/jugulajm.net\/?p=90522"},"modified":"2025-08-20T20:55:14","modified_gmt":"2025-08-20T18:55:14","slug":"45-vjecari-gjendet-i-pajeten-ne-banesen-e-tij-dyshohet-se","status":"publish","type":"post","link":"https:\/\/jugulajm.net\/?p=90522","title":{"rendered":"45-vje\u00e7ari gjendet i pajet\u00ebn n\u00eb banes\u00ebn e tij, dyshohet se&#8230;"},"content":{"rendered":"<p>Nj\u00eb 45-vje\u00e7ar \u00ebsht\u00eb gjetur i pajet\u00eb n\u00eb banes\u00eb nga familjar\u00ebt e tij mbr\u00ebmjen e sotme n\u00eb lagjen nr.17 n\u00eb Durr\u00ebs.<\/p>\n<p>Sipas informacioneve parapake, shtetasi me iniciale A. P, rreth 45 vje\u00e7, dyshohet se \u00ebsht\u00eb vet\u00ebvarur.<\/p>\n<p><strong>Njoftimi i policis\u00eb:<\/strong><\/p>\n<p><em>Rreth or\u00ebs 19:00, n\u00eb lagjen nr.17 n\u00eb Durr\u00ebs, n\u00eb banes\u00eb \u00ebsht\u00eb gjetur nga familjar\u00ebt, dyshohet i vet\u00ebvarur, shtetasi A. P, rreth 45 vje\u00e7.<\/em><\/p>\n<p><em>Grupi hetimor ndodhet n\u00eb vendngjarje dhe po punon p\u00ebr sqarimin e rrethanave t\u00eb ngjarjes.<\/em><\/p>\n","protected":false},"excerpt":{"rendered":"<p>Nj\u00eb 45-vje\u00e7ar \u00ebsht\u00eb gjetur i pajet\u00eb n\u00eb banes\u00eb nga familjar\u00ebt e tij mbr\u00ebmjen e sotme n\u00eb lagjen nr.17 n\u00eb Durr\u00ebs. Sipas informacioneve parapake, shtetasi me iniciale A. P, rreth 45 vje\u00e7, dyshohet se \u00ebsht\u00eb vet\u00ebvarur. Njoftimi i policis\u00eb: Rreth or\u00ebs 19:00, n\u00eb lagjen nr.17 n\u00eb Durr\u00ebs, n\u00eb banes\u00eb \u00ebsht\u00eb gjetur nga familjar\u00ebt, dyshohet i vet\u00ebvarur, [&hellip;]<\/p>\n","protected":false},"author":5,"featured_media":71801,"comment_status":"closed","ping_status":"closed","sticky":false,"template":"","format":"standard","meta":{"footnotes":""},"categories":[1,6332,29228],"tags":[37729,23094],"class_list":{"0":"post-90522","1":"post","2":"type-post","3":"status-publish","4":"format-standard","5":"has-post-thumbnail","7":"category-aktualitet","8":"category-te-fundit","9":"category-vendi","10":"tag-45-vjecari-gjendet-i-pajeten-ne-banesen-e-tij","11":"tag-dyshohet-se"},"_links":{"self":[{"href":"https:\/\/jugulajm.net\/index.php?rest_route=\/wp\/v2\/posts\/90522","targetHints":{"allow":["GET"]}}],"collection":[{"href":"https:\/\/jugulajm.net\/index.php?rest_route=\/wp\/v2\/posts"}],"about":[{"href":"https:\/\/jugulajm.net\/index.php?rest_route=\/wp\/v2\/types\/post"}],"author":[{"embeddable":true,"href":"https:\/\/jugulajm.net\/index.php?rest_route=\/wp\/v2\/users\/5"}],"replies":[{"embeddable":true,"href":"https:\/\/jugulajm.net\/index.php?rest_route=%2Fwp%2Fv2%2Fcomments&post=90522"}],"version-history":[{"count":1,"href":"https:\/\/jugulajm.net\/index.php?rest_route=\/wp\/v2\/posts\/90522\/revisions"}],"predecessor-version":[{"id":90523,"href":"https:\/\/jugulajm.net\/index.php?rest_route=\/wp\/v2\/posts\/90522\/revisions\/90523"}],"wp:featuredmedia":[{"embeddable":true,"href":"https:\/\/jugulajm.net\/index.php?rest_route=\/wp\/v2\/media\/71801"}],"wp:attachment":[{"href":"https:\/\/jugulajm.net\/index.php?rest_route=%2Fwp%2Fv2%2Fmedia&parent=90522"}],"wp:term":[{"taxonomy":"category","embeddable":true,"href":"https:\/\/jugulajm.net\/index.php?rest_route=%2Fwp%2Fv2%2Fcategories&post=90522"},{"taxonomy":"post_tag","embeddable":true,"href":"https:\/\/jugulajm.net\/index.php?rest_route=%2Fwp%2Fv2%2Ftags&post=90522"}],"curies":[{"name":"wp","href":"https:\/\/api.w.org\/{rel}","templated":true}]}}