{"id":90495,"date":"2025-08-20T10:19:55","date_gmt":"2025-08-20T08:19:55","guid":{"rendered":"https:\/\/jugulajm.net\/?p=90495"},"modified":"2025-08-20T10:19:55","modified_gmt":"2025-08-20T08:19:55","slug":"emri-foto-detaje-nga-vrasja-e-32-vjecarit-vrasesi-hyri-me-thike-ne-dore-dhe","status":"publish","type":"post","link":"https:\/\/jugulajm.net\/?p=90495","title":{"rendered":"EMRI-FOTO\/ Detaje nga vrasja e 32-vje\u00e7arit, vras\u00ebsi hyri me thik\u00eb n\u00eb dor\u00eb dhe&#8230;"},"content":{"rendered":"<p>Nj\u00eb ngjarje e r\u00ebnd\u00eb ndodhi n\u00eb or\u00ebt e vona t\u00eb nat\u00ebs s\u00eb djeshme n\u00eb fshatin Kryekuq t\u00eb Divjak\u00ebs, ku 32-vje\u00e7ari\u00a0Besmir Kumria \u00ebsht\u00eb vrar\u00eb me thik\u00eb.<\/p>\n<p>Sipas informacioneve jo zyrtare autori pasi ka parkuar makin\u00ebn n\u00eb rrug\u00eb ka hyr\u00eb me thik\u00eb n\u00eb dor\u00eb n\u00eb drejtimin e tavolin\u00ebs ku ishte viktima s\u00eb bashku me persona t\u00eb tjer\u00eb.<\/p>\n<p>Viktima punonte si i pun\u00ebsuar sezonal n\u00eb Himar\u00eb.<\/p>\n<p>Policia ka shoq\u00ebruar t\u00eb gjith\u00eb t\u00eb pranishmit n\u00eb lokal n\u00eb lidhje me vrasjen e ndodhur n\u00eb or\u00ebt e vona t\u00eb mbr\u00ebmjes s\u00eb djeshme n\u00eb Kryekuq t\u00eb Divjak\u00ebs.<\/p>\n<p>Nga hetimet paraprake dyshohet se vrasja ka ndodhur pasi familjet e tyre kan\u00eb pasur konflikte t\u00eb vazhdueshme p\u00ebr nj\u00eb kanal vadit\u00ebs n\u00eb fshat.<\/p>\n<p>\u201cGoditi me thik\u00eb nj\u00eb shtetas, i cili p\u00ebr pasoj\u00eb humbi jet\u00ebn; pas veprimeve t\u00eb shpejta dhe profesionale t\u00eb Policis\u00eb u identifikua dhe u vu n\u00eb pranga autori i dyshuar.<\/p>\n<p>Pas vrasjes, autori u largua, por u kap pas disa or\u00ebsh ndjekjeje nga sh\u00ebrbimet operacionale t\u00eb DVP Fier.<\/p>\n<p>Gjat\u00eb mesnat\u00ebs, sh\u00ebrbimet e Komisariatit t\u00eb Policis\u00eb Divjak\u00eb, pas marrjes s\u00eb njoftimit se n\u00eb fshatin Kryekuq nj\u00eb shtetas i paidentifikuar kishte hyr\u00eb n\u00eb nj\u00eb lokal dhe kishte goditur me mjet prer\u00ebs shtetasin B. K., 32 vje\u00e7 (i cili ishte n\u00eb shoq\u00ebrin\u00eb e miqve t\u00eb tij), shkuan menj\u00ebher\u00eb n\u00eb adres\u00ebn e dh\u00ebn\u00eb.<\/p>\n<p>U ngrit grup i posa\u00e7\u00ebm hetimor, n\u00eb drejtimin e Prokuroris\u00eb, me q\u00ebllim zbardhjen e plot\u00eb t\u00eb ngjarjes, identifikimin dhe kapjen e autorit.<\/p>\n<p>Si rezultat i ndjekjes s\u00eb pand\u00ebrprer\u00eb nga forcat operacionale t\u00eb DVP Fier, u b\u00eb e mundur kapja dhe shoq\u00ebrimi n\u00eb Polici i autorit t\u00eb dyshuar, shtetasit Xh. T., 25 vje\u00e7, banues n\u00eb Kryekuq, i cili do t\u00eb arrestohet p\u00ebr veprat penale \u201cVrasja me paramendim\u201d dhe \u201cProdhimi dhe mbajtja pa leje e arm\u00ebve t\u00eb ftohta\u201d.<\/p>\n<p>Nga hetimet paraprake dyshohet se shtetasi Xh. T. e ka vrar\u00eb shtetasin B. K., pasi familjet e tyre kan\u00eb pasur konflikte t\u00eb vazhdueshme p\u00ebr nj\u00eb kanal vadit\u00ebs n\u00eb fshat.<\/p>\n<p>Vijon puna p\u00ebr dokumentimin e plot\u00eb ligjor t\u00eb ngjarjes\u201d, njoftoi policia.<\/p>\n","protected":false},"excerpt":{"rendered":"<p>Nj\u00eb ngjarje e r\u00ebnd\u00eb ndodhi n\u00eb or\u00ebt e vona t\u00eb nat\u00ebs s\u00eb djeshme n\u00eb fshatin Kryekuq t\u00eb Divjak\u00ebs, ku 32-vje\u00e7ari\u00a0Besmir Kumria \u00ebsht\u00eb vrar\u00eb me thik\u00eb. Sipas informacioneve jo zyrtare autori pasi ka parkuar makin\u00ebn n\u00eb rrug\u00eb ka hyr\u00eb me thik\u00eb n\u00eb dor\u00eb n\u00eb drejtimin e tavolin\u00ebs ku ishte viktima s\u00eb bashku me persona t\u00eb tjer\u00eb. [&hellip;]<\/p>\n","protected":false},"author":5,"featured_media":90496,"comment_status":"closed","ping_status":"closed","sticky":false,"template":"","format":"standard","meta":{"footnotes":""},"categories":[1,6332,29228],"tags":[37714,37715],"class_list":{"0":"post-90495","1":"post","2":"type-post","3":"status-publish","4":"format-standard","5":"has-post-thumbnail","7":"category-aktualitet","8":"category-te-fundit","9":"category-vendi","10":"tag-emri-foto-detaje-nga-vrasja-e-32-vjecarit","11":"tag-vrasesi-hyri-me-thike-ne-dore-dhe"},"_links":{"self":[{"href":"https:\/\/jugulajm.net\/index.php?rest_route=\/wp\/v2\/posts\/90495","targetHints":{"allow":["GET"]}}],"collection":[{"href":"https:\/\/jugulajm.net\/index.php?rest_route=\/wp\/v2\/posts"}],"about":[{"href":"https:\/\/jugulajm.net\/index.php?rest_route=\/wp\/v2\/types\/post"}],"author":[{"embeddable":true,"href":"https:\/\/jugulajm.net\/index.php?rest_route=\/wp\/v2\/users\/5"}],"replies":[{"embeddable":true,"href":"https:\/\/jugulajm.net\/index.php?rest_route=%2Fwp%2Fv2%2Fcomments&post=90495"}],"version-history":[{"count":1,"href":"https:\/\/jugulajm.net\/index.php?rest_route=\/wp\/v2\/posts\/90495\/revisions"}],"predecessor-version":[{"id":90497,"href":"https:\/\/jugulajm.net\/index.php?rest_route=\/wp\/v2\/posts\/90495\/revisions\/90497"}],"wp:featuredmedia":[{"embeddable":true,"href":"https:\/\/jugulajm.net\/index.php?rest_route=\/wp\/v2\/media\/90496"}],"wp:attachment":[{"href":"https:\/\/jugulajm.net\/index.php?rest_route=%2Fwp%2Fv2%2Fmedia&parent=90495"}],"wp:term":[{"taxonomy":"category","embeddable":true,"href":"https:\/\/jugulajm.net\/index.php?rest_route=%2Fwp%2Fv2%2Fcategories&post=90495"},{"taxonomy":"post_tag","embeddable":true,"href":"https:\/\/jugulajm.net\/index.php?rest_route=%2Fwp%2Fv2%2Ftags&post=90495"}],"curies":[{"name":"wp","href":"https:\/\/api.w.org\/{rel}","templated":true}]}}