{"id":90460,"date":"2025-08-19T11:09:32","date_gmt":"2025-08-19T09:09:32","guid":{"rendered":"https:\/\/jugulajm.net\/?p=90460"},"modified":"2025-08-19T11:09:32","modified_gmt":"2025-08-19T09:09:32","slug":"ekzekutimi-i-shqiptarit-ne-athine-vrasesi-e-priti-dhe-e-qelloi-nga-afer","status":"publish","type":"post","link":"https:\/\/jugulajm.net\/?p=90460","title":{"rendered":"Ekzekutimi i shqiptarit n\u00eb Athin\u00eb, vras\u00ebsi e priti dhe e q\u00eblloi nga af\u00ebr&#8230;"},"content":{"rendered":"<p>Jan\u00eb zbardhur detaje t\u00eb reja nga ekzekutimi mafioz i Artur Bashimi, mbr\u00ebmjen e djeshme n\u00eb Athin\u00eb, Greqi.<\/p>\n<p>M\u00ebsohet se autori mb\u00ebrriti n\u00eb vendin e ngjarjes me motor dhe priti q\u00eb sh\u00ebnjestra t\u00eb kalonte. Sipas mediave greke, ai ishte i gjat\u00eb mesatarisht, i veshur me rroba t\u00eb err\u00ebta dhe me helmet\u00eb.<\/p>\n<p>Kur Bashimi mb\u00ebrriti n\u00eb vend, autori iu afrua dhe e q\u00eblloi nga nj\u00eb distanc\u00eb e af\u00ebrt, duke e l\u00ebn\u00eb t\u00eb vdekur. Ai tentoi t\u00eb q\u00ebllonte s\u00ebrish, por arma u bllokua dhe fisheku ra n\u00eb tok\u00eb, duke mos e p\u00ebrdorur s\u00ebrish. Menj\u00ebher\u00eb pas k\u00ebsaj, autori u largua nga vendngjarja.<\/p>\n<p>Bashimi kishte precedent\u00eb penal\u00eb n\u00eb Greqi p\u00ebr vjedhje dhe p\u00ebrfshirje n\u00eb organizata kriminale. Ai u arrestua p\u00ebr her\u00eb t\u00eb par\u00eb n\u00eb shkurt 2022 si pjes\u00eb e nj\u00eb grupi q\u00eb kryente grabitje n\u00eb mjetet e transportit publik dhe s\u00ebrish n\u00eb prill 2024 p\u00ebr akuza t\u00eb ngjashme.<\/p>\n<p>Burime policore konfirmojn\u00eb se i ndjeri ishte v\u00ebllai i Marsel Bashimit, i njohur edhe me mbiemrat Shkurtaj dhe Gozhita, nj\u00eb em\u00ebr i p\u00ebrfshir\u00eb n\u00eb disa dosje t\u00eb r\u00ebnda kriminale n\u00eb Greqi dhe Shqip\u00ebri.<\/p>\n","protected":false},"excerpt":{"rendered":"<p>Jan\u00eb zbardhur detaje t\u00eb reja nga ekzekutimi mafioz i Artur Bashimi, mbr\u00ebmjen e djeshme n\u00eb Athin\u00eb, Greqi. M\u00ebsohet se autori mb\u00ebrriti n\u00eb vendin e ngjarjes me motor dhe priti q\u00eb sh\u00ebnjestra t\u00eb kalonte. Sipas mediave greke, ai ishte i gjat\u00eb mesatarisht, i veshur me rroba t\u00eb err\u00ebta dhe me helmet\u00eb. Kur Bashimi mb\u00ebrriti n\u00eb vend, [&hellip;]<\/p>\n","protected":false},"author":5,"featured_media":90461,"comment_status":"closed","ping_status":"closed","sticky":false,"template":"","format":"standard","meta":{"footnotes":""},"categories":[1,6332],"tags":[37695,37696],"class_list":{"0":"post-90460","1":"post","2":"type-post","3":"status-publish","4":"format-standard","5":"has-post-thumbnail","7":"category-aktualitet","8":"category-te-fundit","9":"tag-ekzekutimi-i-shqiptarit-ne-athine","10":"tag-vrasesi-e-priti-dhe-e-qelloi-nga-afer"},"_links":{"self":[{"href":"https:\/\/jugulajm.net\/index.php?rest_route=\/wp\/v2\/posts\/90460","targetHints":{"allow":["GET"]}}],"collection":[{"href":"https:\/\/jugulajm.net\/index.php?rest_route=\/wp\/v2\/posts"}],"about":[{"href":"https:\/\/jugulajm.net\/index.php?rest_route=\/wp\/v2\/types\/post"}],"author":[{"embeddable":true,"href":"https:\/\/jugulajm.net\/index.php?rest_route=\/wp\/v2\/users\/5"}],"replies":[{"embeddable":true,"href":"https:\/\/jugulajm.net\/index.php?rest_route=%2Fwp%2Fv2%2Fcomments&post=90460"}],"version-history":[{"count":1,"href":"https:\/\/jugulajm.net\/index.php?rest_route=\/wp\/v2\/posts\/90460\/revisions"}],"predecessor-version":[{"id":90462,"href":"https:\/\/jugulajm.net\/index.php?rest_route=\/wp\/v2\/posts\/90460\/revisions\/90462"}],"wp:featuredmedia":[{"embeddable":true,"href":"https:\/\/jugulajm.net\/index.php?rest_route=\/wp\/v2\/media\/90461"}],"wp:attachment":[{"href":"https:\/\/jugulajm.net\/index.php?rest_route=%2Fwp%2Fv2%2Fmedia&parent=90460"}],"wp:term":[{"taxonomy":"category","embeddable":true,"href":"https:\/\/jugulajm.net\/index.php?rest_route=%2Fwp%2Fv2%2Fcategories&post=90460"},{"taxonomy":"post_tag","embeddable":true,"href":"https:\/\/jugulajm.net\/index.php?rest_route=%2Fwp%2Fv2%2Ftags&post=90460"}],"curies":[{"name":"wp","href":"https:\/\/api.w.org\/{rel}","templated":true}]}}