{"id":90413,"date":"2025-08-18T12:57:31","date_gmt":"2025-08-18T10:57:31","guid":{"rendered":"https:\/\/jugulajm.net\/?p=90413"},"modified":"2025-08-18T12:57:31","modified_gmt":"2025-08-18T10:57:31","slug":"lajm-i-funditfoto-kamioni-perplaset-me-makinen-1-i-vdekur-dhe-2-te-plagosur","status":"publish","type":"post","link":"https:\/\/jugulajm.net\/?p=90413","title":{"rendered":"LAJM I FUNDIT!!(FOTO) Kamioni p\u00ebrplaset me makin\u00ebn, 1 i vdekur dhe 2 t\u00eb plagosur"},"content":{"rendered":"<p>Nj\u00eb aksident i r\u00ebnd\u00eb ka ndodhur mesdit\u00ebn e k\u00ebsaj s\u00eb h\u00ebne n\u00eb aksin rrugor\u00a0 \u201cShkod\u00ebr-Bushat\u201d n\u00eb zon\u00ebn e Beltoj\u00ebs.<\/p>\n<p>N\u00eb aksident \u00ebsht\u00eb p\u00ebrfshir\u00eb nj\u00eb kamion i cili \u00ebsht\u00eb p\u00ebrplasur me nj\u00eb autovetur\u00eb.<\/p>\n<p>Si pasoj\u00eb e p\u00ebrplasjes nj\u00eb person ka nd\u00ebrruar jet\u00eb, nd\u00ebrsa dy t\u00eb tjer\u00eb ndodhen n\u00ebn kujdesin e mjek\u00ebve n\u00eb Spitalin e Shkodr\u00ebs.<\/p>\n<p>Gjendja e tyre sh\u00ebndet\u00ebsore paraqitet e r\u00ebnd\u00eb.<\/p>\n<p>N\u00eb vendngjarje shkuan forcat e policis\u00eb\u00a0dhe kan\u00eb nisur hetimet p\u00ebr shkaqet e k\u00ebtij aksidenti rrugor.<\/p>\n","protected":false},"excerpt":{"rendered":"<p>Nj\u00eb aksident i r\u00ebnd\u00eb ka ndodhur mesdit\u00ebn e k\u00ebsaj s\u00eb h\u00ebne n\u00eb aksin rrugor\u00a0 \u201cShkod\u00ebr-Bushat\u201d n\u00eb zon\u00ebn e Beltoj\u00ebs. N\u00eb aksident \u00ebsht\u00eb p\u00ebrfshir\u00eb nj\u00eb kamion i cili \u00ebsht\u00eb p\u00ebrplasur me nj\u00eb autovetur\u00eb. Si pasoj\u00eb e p\u00ebrplasjes nj\u00eb person ka nd\u00ebrruar jet\u00eb, nd\u00ebrsa dy t\u00eb tjer\u00eb ndodhen n\u00ebn kujdesin e mjek\u00ebve n\u00eb Spitalin e Shkodr\u00ebs. Gjendja [&hellip;]<\/p>\n","protected":false},"author":5,"featured_media":90414,"comment_status":"closed","ping_status":"closed","sticky":false,"template":"","format":"standard","meta":{"footnotes":""},"categories":[1,6332,29228],"tags":[37665,37664],"class_list":{"0":"post-90413","1":"post","2":"type-post","3":"status-publish","4":"format-standard","5":"has-post-thumbnail","7":"category-aktualitet","8":"category-te-fundit","9":"category-vendi","10":"tag-1-i-vdekur-dhe-2-te-plagosur","11":"tag-lajm-i-funditfoto-kamioni-perplaset-me-makinen"},"_links":{"self":[{"href":"https:\/\/jugulajm.net\/index.php?rest_route=\/wp\/v2\/posts\/90413","targetHints":{"allow":["GET"]}}],"collection":[{"href":"https:\/\/jugulajm.net\/index.php?rest_route=\/wp\/v2\/posts"}],"about":[{"href":"https:\/\/jugulajm.net\/index.php?rest_route=\/wp\/v2\/types\/post"}],"author":[{"embeddable":true,"href":"https:\/\/jugulajm.net\/index.php?rest_route=\/wp\/v2\/users\/5"}],"replies":[{"embeddable":true,"href":"https:\/\/jugulajm.net\/index.php?rest_route=%2Fwp%2Fv2%2Fcomments&post=90413"}],"version-history":[{"count":1,"href":"https:\/\/jugulajm.net\/index.php?rest_route=\/wp\/v2\/posts\/90413\/revisions"}],"predecessor-version":[{"id":90415,"href":"https:\/\/jugulajm.net\/index.php?rest_route=\/wp\/v2\/posts\/90413\/revisions\/90415"}],"wp:featuredmedia":[{"embeddable":true,"href":"https:\/\/jugulajm.net\/index.php?rest_route=\/wp\/v2\/media\/90414"}],"wp:attachment":[{"href":"https:\/\/jugulajm.net\/index.php?rest_route=%2Fwp%2Fv2%2Fmedia&parent=90413"}],"wp:term":[{"taxonomy":"category","embeddable":true,"href":"https:\/\/jugulajm.net\/index.php?rest_route=%2Fwp%2Fv2%2Fcategories&post=90413"},{"taxonomy":"post_tag","embeddable":true,"href":"https:\/\/jugulajm.net\/index.php?rest_route=%2Fwp%2Fv2%2Ftags&post=90413"}],"curies":[{"name":"wp","href":"https:\/\/api.w.org\/{rel}","templated":true}]}}