{"id":90392,"date":"2025-08-17T18:56:50","date_gmt":"2025-08-17T16:56:50","guid":{"rendered":"https:\/\/jugulajm.net\/?p=90392"},"modified":"2025-08-17T18:56:50","modified_gmt":"2025-08-17T16:56:50","slug":"vrau-me-thike-bashkemoshatarin-perlotet-ne-gjyq-14-vjecari-nuk-doja-ta-vrisja","status":"publish","type":"post","link":"https:\/\/jugulajm.net\/?p=90392","title":{"rendered":"Vrau me thik\u00eb bashk\u00ebmoshatarin, p\u00ebrlotet n\u00eb gjyq 14-vje\u00e7ari: Nuk doja ta vrisja&#8230;"},"content":{"rendered":"<p>Nj\u00eb ngjarje e r\u00ebnd\u00eb e ndodhur m\u00eb 14 Gusht n\u00eb fshatin Pirg t\u00eb Maliqit, ka tronditur mbar\u00eb opinionin publik. Pas nj\u00eb grindje p\u00ebr arsye banale, 14-vje\u00e7ari Erald Xhejo ka gjetur vdekjen pas goditjes me thik\u00eb n\u00eb zem\u00ebr t\u00eb shkaktuar nga bashk\u00ebmoshatari i tij, Enedio Guri.<\/p>\n<p>Dit\u00ebn e sotme Gjykata e Kor\u00e7\u00ebs ka vendosur mas\u00ebn e siguris\u00eb \u201carrest me burg\u201d p\u00ebr autorin Enedio Guri 14 vje\u00e7, babain e tij, Edison Guri, xhaxhain Roland Guri dhe mikun e babait, 34-vje\u00e7ari Flori \u00c7ela. K\u00ebta t\u00eb fundit kan\u00eb kryer veprime q\u00eb kan\u00eb penguar n\u00eb zbulimin e s\u00eb v\u00ebrtet\u00ebs, duke fshehur thik\u00ebn me t\u00eb cil\u00ebn u krye vrasja, largimin nga vendi i ngjarjes s\u00eb autorit dhe fshehjen e 14-vje\u00e7arit me q\u00ebllim shmangien e policis\u00eb.<\/p>\n<p>P\u00ebr mediat pas p\u00ebrfundimit t\u00eb seanc\u00ebs s\u00eb sotme ka folur avokati i autorit, Ledian Spaho, i cili ka deklaruar se klienti i tij \u00ebsht\u00eb n\u00eb gjendje t\u00eb r\u00ebnduar psikologjike dhe se ka shfaqur pendes\u00eb n\u00eb sall\u00ebn e gjyqit.<\/p>\n<p>Burime p\u00ebr media kan\u00eb b\u00ebr\u00eb me dije se autori 14-vje\u00e7ar ka qen\u00eb i p\u00ebrlotur n\u00eb seanc\u00eb teksa \u00ebsht\u00eb shprehur para trup\u00ebs gjykuese se: \u201c<em>Nuk kam dashur t\u00eb b\u00ebj vrasje. Ishte grindje e momentit. Jam shum\u00eb i penduar. Ngush\u00ebllime familjes<\/em>\u201d.<\/p>\n<p><strong>Avokati Ledian Spaho:<\/strong>\u00a0<em>Shpreh ngush\u00ebllimet p\u00ebr humbjen e familjar\u00ebve. Gjykata vendosi q\u00eb autori t\u00eb caktoj\u00eb mas\u00ebn arrest n\u00eb burg. Kjo pasoj\u00eb e krijuar nga konflikt i \u00e7astit, edhe pse f\u00ebmij\u00eb, gjykata vler\u00ebsoi t\u00eb vlefsh\u00ebm arrestit, edhe p\u00ebr babain Edison Guri, po ashtu edhe p\u00ebr xhaxhain.<\/em><\/p>\n<p><em>T\u00eb miturit e tjer\u00eb, gjykata vendosi jo t\u00eb ligjsh\u00ebm arrestimin, por vendosi mbikqyrjen nga prind\u00ebrit dhe paraqitjen para gjykat\u00ebs. Autori shprehu pendes\u00eb. Tha nuk doja t\u00eb kishte k\u00ebt\u00eb pasoj\u00eb, se dija q\u00eb veprimet e mia do krijonin k\u00ebt\u00eb pasoj\u00eb, shpreh ngush\u00ebllimet p\u00ebr familjen. T\u00eb nj\u00ebjt\u00ebn gj\u00eb ka deklaruar edhe babai i t\u00eb miturit duke th\u00ebn\u00eb se na vjen keq p\u00ebr pasoj\u00ebn.<\/em><\/p>\n<div id=\"1755445918621\" class=\"related-list\">\n<ul>\n<li><em><strong>Si ndodhi ngjarja e r\u00ebnd\u00eb<\/strong><\/em><\/li>\n<\/ul>\n<\/div>\n<p>Grindja mes dy adoleshent\u00ebve u raportua t\u00eb ket\u00eb nisur p\u00ebr arsye banale t\u00eb llojit \u201cp\u00ebrse m\u00eb shikon\u201d. Nj\u00eb dit\u00eb p\u00ebrpara ngjarjes s\u00eb r\u00ebnd\u00eb, autori Enedio Guri, banues n\u00eb fshatin Leminot, ka shkuar p\u00ebrpara lokalit t\u00eb xhaxhait t\u00eb viktim\u00ebs me nj\u00eb automjet duke xhiruar dhe gomat e m\u00eb pas \u00ebsht\u00eb larguar.<\/p>\n<p>Dit\u00ebn e ngjarjes Erald Xhejo i shoq\u00ebruar nga nj\u00eb shok i tij, kishte shkruar p\u00ebr tu qethur n\u00eb berberhane, e ndodhur n\u00eb af\u00ebrsi t\u00eb lokalit ku dhe u regjistrua tragjedia. N\u00eb k\u00ebto momente pran\u00eb tyre ka kaluar Enedio Guri me makin\u00eb. Ky i fundit ka fishk\u00ebllyer p\u00ebr Xhejon me q\u00ebllim p\u00ebr t\u00eb ndaluar dhe p\u00ebr tu sqaruar.<\/p>\n<p>N\u00eb momentin q\u00eb autori ka ndaluar dhe ka zbritur nga automjeti, ka nisur nj\u00eb sherr verbal e m\u00eb pas konfrontim fizik me 14-vje\u00e7arin e m\u00eb pas ka nxjerr\u00eb dhe thik\u00ebn. N\u00eb k\u00ebto kushte 14-vje\u00e7ari ka marr\u00eb nj\u00eb karrige nga lokali dhe e ka vendosur p\u00ebrpara vetes p\u00ebr tu mbrojtur. Duke b\u00ebr\u00eb hapa pas p\u00ebr t\u2019iu larguar Enedio Gurit, i cili n\u00eb dor\u00eb mbante nj\u00eb thik\u00eb, ai \u00ebsht\u00eb penguar dhe n\u00eb at\u00eb moment autori e ka goditur me thik\u00eb n\u00eb zem\u00ebr.<\/p>\n","protected":false},"excerpt":{"rendered":"<p>Nj\u00eb ngjarje e r\u00ebnd\u00eb e ndodhur m\u00eb 14 Gusht n\u00eb fshatin Pirg t\u00eb Maliqit, ka tronditur mbar\u00eb opinionin publik. Pas nj\u00eb grindje p\u00ebr arsye banale, 14-vje\u00e7ari Erald Xhejo ka gjetur vdekjen pas goditjes me thik\u00eb n\u00eb zem\u00ebr t\u00eb shkaktuar nga bashk\u00ebmoshatari i tij, Enedio Guri. Dit\u00ebn e sotme Gjykata e Kor\u00e7\u00ebs ka vendosur mas\u00ebn e [&hellip;]<\/p>\n","protected":false},"author":5,"featured_media":90393,"comment_status":"closed","ping_status":"closed","sticky":false,"template":"","format":"standard","meta":{"footnotes":""},"categories":[1,6332,29228],"tags":[37655,37654],"class_list":{"0":"post-90392","1":"post","2":"type-post","3":"status-publish","4":"format-standard","5":"has-post-thumbnail","7":"category-aktualitet","8":"category-te-fundit","9":"category-vendi","10":"tag-perlotet-ne-gjyq-14-vjecari-nuk-doja-ta-vrisja","11":"tag-vrau-me-thike-bashkemoshatarin"},"_links":{"self":[{"href":"https:\/\/jugulajm.net\/index.php?rest_route=\/wp\/v2\/posts\/90392","targetHints":{"allow":["GET"]}}],"collection":[{"href":"https:\/\/jugulajm.net\/index.php?rest_route=\/wp\/v2\/posts"}],"about":[{"href":"https:\/\/jugulajm.net\/index.php?rest_route=\/wp\/v2\/types\/post"}],"author":[{"embeddable":true,"href":"https:\/\/jugulajm.net\/index.php?rest_route=\/wp\/v2\/users\/5"}],"replies":[{"embeddable":true,"href":"https:\/\/jugulajm.net\/index.php?rest_route=%2Fwp%2Fv2%2Fcomments&post=90392"}],"version-history":[{"count":1,"href":"https:\/\/jugulajm.net\/index.php?rest_route=\/wp\/v2\/posts\/90392\/revisions"}],"predecessor-version":[{"id":90394,"href":"https:\/\/jugulajm.net\/index.php?rest_route=\/wp\/v2\/posts\/90392\/revisions\/90394"}],"wp:featuredmedia":[{"embeddable":true,"href":"https:\/\/jugulajm.net\/index.php?rest_route=\/wp\/v2\/media\/90393"}],"wp:attachment":[{"href":"https:\/\/jugulajm.net\/index.php?rest_route=%2Fwp%2Fv2%2Fmedia&parent=90392"}],"wp:term":[{"taxonomy":"category","embeddable":true,"href":"https:\/\/jugulajm.net\/index.php?rest_route=%2Fwp%2Fv2%2Fcategories&post=90392"},{"taxonomy":"post_tag","embeddable":true,"href":"https:\/\/jugulajm.net\/index.php?rest_route=%2Fwp%2Fv2%2Ftags&post=90392"}],"curies":[{"name":"wp","href":"https:\/\/api.w.org\/{rel}","templated":true}]}}