{"id":90375,"date":"2025-08-17T11:21:02","date_gmt":"2025-08-17T09:21:02","guid":{"rendered":"https:\/\/jugulajm.net\/?p=90375"},"modified":"2025-08-17T11:21:02","modified_gmt":"2025-08-17T09:21:02","slug":"vrasjen-e-14-vjecarit-reagon-nena-e-martin-canit-e-di-dhimbjen-e-ikjes-se-nje-femije","status":"publish","type":"post","link":"https:\/\/jugulajm.net\/?p=90375","title":{"rendered":"Vrasjen e 14-vje\u00e7arit, reagon n\u00ebna e Martin Canit: E di dhimbjen e ikjes s\u00eb nj\u00eb f\u00ebmije&#8230;"},"content":{"rendered":"<p>Pas ngjarjes tragjike n\u00eb fshatin Pirg t\u00eb Maliqit, ku mbeti i vrar\u00eb 14-vje\u00e7ari Erald Xhejo, ka reaguar n\u00ebna e Martin Canit, adoleshentit q\u00eb humbi jet\u00ebn n\u00eb n\u00ebntor t\u00eb vitit t\u00eb kaluar n\u00eb shkoll\u00ebn \u201cFan Noli\u201d n\u00eb Tiran\u00eb.<\/p>\n<p>N\u00eb nj\u00eb mesazh prek\u00ebs t\u00eb shp\u00ebrndar\u00eb n\u00eb rrjete sociale, ajo shkruan:<\/p>\n<p>\u201cUn\u00eb jam mami i Martin Canit, djalit q\u00eb humba n\u00eb n\u00ebntor n\u00eb shkoll\u00ebn Fan Noli. At\u00eb m\u00ebngjes e p\u00ebrcolla p\u00ebr n\u00eb shkoll\u00eb si gjithmon\u00eb, me syt\u00eb e tij t\u00eb bukur plot jet\u00eb dhe buz\u00ebqeshjen e tij t\u00eb \u00ebmb\u00ebl, por nuk e dija se ajo ishte hera e fundit q\u00eb e shihja. Kur mora vesh p\u00ebr tragjedin\u00eb e Erald Xhejos ndjeva t\u00eb nj\u00ebjt\u00ebn dhimbje dhe plaga ime u hap p\u00ebrs\u00ebri. Nuk mund t\u00eb q\u00ebndroj e heshtur pasi e di dhimbjen e ikjes s\u00eb nj\u00eb f\u00ebmije n\u00eb m\u00ebnyr\u00eb aq t\u00eb pafajshme dhe mizore. Heshtja nuk \u00ebsht\u00eb zgjidhje, sepse ajo vret. Dje ishte Martini, sot ishte Eraldo, nes\u00ebr mund t\u00eb jet\u00eb f\u00ebmija yt. Edhe sa Martina apo Eraldo duhet t\u00eb ikin q\u00eb shteti t\u00eb reagoj\u00eb? Erald bir, t\u00eb qaj sot si p\u00ebr tim bir.\u201d<\/p>\n<p>Reagimi i saj ka ngjallur emocione t\u00eb forta dhe ka rikthyer v\u00ebmendjen tek siguria e f\u00ebmij\u00ebve dhe p\u00ebrgjegj\u00ebsia e institucioneve p\u00ebr t\u00eb parandaluar ngjarje t\u00eb tilla tragjike.<\/p>\n<p><img loading=\"lazy\" loading=\"lazy\" decoding=\"async\" class=\"alignnone size-medium wp-image-458366\" src=\"http:\/\/stop.tvklan.al\/wp-content\/uploads\/2025\/08\/IMG_1989-295x300.webp\" sizes=\"auto, (max-width: 295px) 100vw, 295px\" srcset=\"https:\/\/stop.tvklan.al\/wp-content\/uploads\/2025\/08\/IMG_1989-295x300.webp 295w, https:\/\/stop.tvklan.al\/wp-content\/uploads\/2025\/08\/IMG_1989-768x780.webp 768w, https:\/\/stop.tvklan.al\/wp-content\/uploads\/2025\/08\/IMG_1989-600x610.webp 600w, https:\/\/stop.tvklan.al\/wp-content\/uploads\/2025\/08\/IMG_1989.webp 1008w\" alt=\"\" width=\"295\" height=\"300\" \/><\/p>\n","protected":false},"excerpt":{"rendered":"<p>Pas ngjarjes tragjike n\u00eb fshatin Pirg t\u00eb Maliqit, ku mbeti i vrar\u00eb 14-vje\u00e7ari Erald Xhejo, ka reaguar n\u00ebna e Martin Canit, adoleshentit q\u00eb humbi jet\u00ebn n\u00eb n\u00ebntor t\u00eb vitit t\u00eb kaluar n\u00eb shkoll\u00ebn \u201cFan Noli\u201d n\u00eb Tiran\u00eb. N\u00eb nj\u00eb mesazh prek\u00ebs t\u00eb shp\u00ebrndar\u00eb n\u00eb rrjete sociale, ajo shkruan: \u201cUn\u00eb jam mami i Martin Canit, djalit [&hellip;]<\/p>\n","protected":false},"author":5,"featured_media":90376,"comment_status":"closed","ping_status":"closed","sticky":false,"template":"","format":"standard","meta":{"footnotes":""},"categories":[6332,29228],"tags":[37648,37647],"class_list":{"0":"post-90375","1":"post","2":"type-post","3":"status-publish","4":"format-standard","5":"has-post-thumbnail","7":"category-te-fundit","8":"category-vendi","9":"tag-reagon-nena-e-martin-canit-e-di-dhimbjen-e-ikjes-se-nje-femije","10":"tag-vrasjen-e-14-vjecarit"},"_links":{"self":[{"href":"https:\/\/jugulajm.net\/index.php?rest_route=\/wp\/v2\/posts\/90375","targetHints":{"allow":["GET"]}}],"collection":[{"href":"https:\/\/jugulajm.net\/index.php?rest_route=\/wp\/v2\/posts"}],"about":[{"href":"https:\/\/jugulajm.net\/index.php?rest_route=\/wp\/v2\/types\/post"}],"author":[{"embeddable":true,"href":"https:\/\/jugulajm.net\/index.php?rest_route=\/wp\/v2\/users\/5"}],"replies":[{"embeddable":true,"href":"https:\/\/jugulajm.net\/index.php?rest_route=%2Fwp%2Fv2%2Fcomments&post=90375"}],"version-history":[{"count":1,"href":"https:\/\/jugulajm.net\/index.php?rest_route=\/wp\/v2\/posts\/90375\/revisions"}],"predecessor-version":[{"id":90377,"href":"https:\/\/jugulajm.net\/index.php?rest_route=\/wp\/v2\/posts\/90375\/revisions\/90377"}],"wp:featuredmedia":[{"embeddable":true,"href":"https:\/\/jugulajm.net\/index.php?rest_route=\/wp\/v2\/media\/90376"}],"wp:attachment":[{"href":"https:\/\/jugulajm.net\/index.php?rest_route=%2Fwp%2Fv2%2Fmedia&parent=90375"}],"wp:term":[{"taxonomy":"category","embeddable":true,"href":"https:\/\/jugulajm.net\/index.php?rest_route=%2Fwp%2Fv2%2Fcategories&post=90375"},{"taxonomy":"post_tag","embeddable":true,"href":"https:\/\/jugulajm.net\/index.php?rest_route=%2Fwp%2Fv2%2Ftags&post=90375"}],"curies":[{"name":"wp","href":"https:\/\/api.w.org\/{rel}","templated":true}]}}