{"id":90338,"date":"2025-08-16T14:12:35","date_gmt":"2025-08-16T12:12:35","guid":{"rendered":"https:\/\/jugulajm.net\/?p=90338"},"modified":"2025-08-16T14:14:54","modified_gmt":"2025-08-16T12:14:54","slug":"arrestohet-73-vjecari-goditi-me-cekan-ne-koke-25-vjecarin","status":"publish","type":"post","link":"https:\/\/jugulajm.net\/?p=90338","title":{"rendered":"Arrestohet 73-vje\u00e7ari, goditi me \u00e7ekan n\u00eb kok\u00eb 25-vje\u00e7arin"},"content":{"rendered":"<p>Nj\u00eb ngjarje e r\u00ebnd\u00eb \u00ebsht\u00eb regjistruar dje, ku nj\u00eb <em>73-vje\u00e7ar<\/em> ka goditur me \u00e7ekan gome n\u00eb kok\u00eb nj\u00eb <em>25-vje\u00e7ar<\/em> gjat\u00eb nj\u00eb konflikti mes tyre n\u00eb Vlor\u00eb.<\/p>\n<p>I moshuari \u00ebsht\u00eb arrestuar nga Policia, pasi akuzohet p\u00ebr vepr\u00ebn penale \u201cPlagosje e r\u00ebnd\u00eb me dashje\u201d.<\/p>\n<p>Nd\u00ebrkoh\u00eb i riu ka p\u00ebrfunduar i plagosur n\u00eb spital, ku ndodhet n\u00ebn kujdesin e mjek\u00ebve, jasht\u00eb rrezikut p\u00ebr jet\u00ebn.<\/p>\n<p><em>\u201cSpecialist\u00ebt p\u00ebr Hetimin e Krimeve ndaj Personit n\u00eb DVP Vlor\u00eb arrestuan n\u00eb flagranc\u00eb, p\u00ebr vepr\u00ebn penale \u201cPlagosje e r\u00ebnd\u00eb me dashje\u201d, shtetasin L. K., 73 vje\u00e7, banues n\u00eb lagjen \u201cHajro \u00c7ak\u00ebrri\u201d, Vlor\u00eb, pasi m\u00eb dat\u00eb 15.08.2025, n\u00eb lagjen \u201c10 Korriku\u201d, gjat\u00eb nj\u00eb konflikti p\u00ebr motive t\u00eb dob\u00ebta, ka goditur n\u00eb kok\u00eb me send t\u00eb fort\u00eb (\u00e7ekan gome) shtetasin A. H., 25 vje\u00e7, banues n\u00eb Vlor\u00eb, i cili ndodhet i shtruar n\u00eb Spitalin Rajonal Vlor\u00eb, jasht\u00eb rrezikut p\u00ebr jet\u00ebn.\u201d<\/em>\u00a0\u2013 thuhet n\u00eb njoftim.<\/p>\n","protected":false},"excerpt":{"rendered":"<p>Nj\u00eb ngjarje e r\u00ebnd\u00eb \u00ebsht\u00eb regjistruar dje, ku nj\u00eb 73-vje\u00e7ar ka goditur me \u00e7ekan gome n\u00eb kok\u00eb nj\u00eb 25-vje\u00e7ar gjat\u00eb nj\u00eb konflikti mes tyre n\u00eb Vlor\u00eb. I moshuari \u00ebsht\u00eb arrestuar nga Policia, pasi akuzohet p\u00ebr vepr\u00ebn penale \u201cPlagosje e r\u00ebnd\u00eb me dashje\u201d. Nd\u00ebrkoh\u00eb i riu ka p\u00ebrfunduar i plagosur n\u00eb spital, ku ndodhet n\u00ebn kujdesin [&hellip;]<\/p>\n","protected":false},"author":5,"featured_media":56323,"comment_status":"closed","ping_status":"closed","sticky":false,"template":"","format":"standard","meta":{"footnotes":""},"categories":[1,6332,29228],"tags":[37635,37636],"class_list":{"0":"post-90338","1":"post","2":"type-post","3":"status-publish","4":"format-standard","5":"has-post-thumbnail","7":"category-aktualitet","8":"category-te-fundit","9":"category-vendi","10":"tag-arrestohet-73-vjecari","11":"tag-goditi-me-cekan-ne-koke-25-vjecarin"},"_links":{"self":[{"href":"https:\/\/jugulajm.net\/index.php?rest_route=\/wp\/v2\/posts\/90338","targetHints":{"allow":["GET"]}}],"collection":[{"href":"https:\/\/jugulajm.net\/index.php?rest_route=\/wp\/v2\/posts"}],"about":[{"href":"https:\/\/jugulajm.net\/index.php?rest_route=\/wp\/v2\/types\/post"}],"author":[{"embeddable":true,"href":"https:\/\/jugulajm.net\/index.php?rest_route=\/wp\/v2\/users\/5"}],"replies":[{"embeddable":true,"href":"https:\/\/jugulajm.net\/index.php?rest_route=%2Fwp%2Fv2%2Fcomments&post=90338"}],"version-history":[{"count":4,"href":"https:\/\/jugulajm.net\/index.php?rest_route=\/wp\/v2\/posts\/90338\/revisions"}],"predecessor-version":[{"id":90342,"href":"https:\/\/jugulajm.net\/index.php?rest_route=\/wp\/v2\/posts\/90338\/revisions\/90342"}],"wp:featuredmedia":[{"embeddable":true,"href":"https:\/\/jugulajm.net\/index.php?rest_route=\/wp\/v2\/media\/56323"}],"wp:attachment":[{"href":"https:\/\/jugulajm.net\/index.php?rest_route=%2Fwp%2Fv2%2Fmedia&parent=90338"}],"wp:term":[{"taxonomy":"category","embeddable":true,"href":"https:\/\/jugulajm.net\/index.php?rest_route=%2Fwp%2Fv2%2Fcategories&post=90338"},{"taxonomy":"post_tag","embeddable":true,"href":"https:\/\/jugulajm.net\/index.php?rest_route=%2Fwp%2Fv2%2Ftags&post=90338"}],"curies":[{"name":"wp","href":"https:\/\/api.w.org\/{rel}","templated":true}]}}