{"id":90328,"date":"2025-08-16T11:44:04","date_gmt":"2025-08-16T09:44:04","guid":{"rendered":"https:\/\/jugulajm.net\/?p=90328"},"modified":"2025-08-16T11:44:18","modified_gmt":"2025-08-16T09:44:18","slug":"detaje-nga-vrasja-e-14-vjecarit-viktima-u-mbrojt-me-karrige-por-u","status":"publish","type":"post","link":"https:\/\/jugulajm.net\/?p=90328","title":{"rendered":"Detaje nga vrasja e 14 vje\u00e7arit, viktima u mbrojt me karrige por u&#8230;"},"content":{"rendered":"<p>T\u00eb tjera detaje trondit\u00ebse jan\u00eb zbardhur nga krimi i r\u00ebnd\u00eb i ndodhur n\u00eb fshatin Pirg t\u00eb Kor\u00e7\u00ebs, ku 14-vje\u00e7ari\u00a0Erald Xhejo,\u00a0humbi jet\u00ebn pasi u godit me thik\u00eb nga nj\u00eb bashk\u00ebmoshatar.<\/p>\n<p>Nga dosja hetimore m\u00ebsohet se disa dit\u00eb para se t\u00eb ndodhte krimi, autori Enedio Guri\u00a014 vje\u00e7, ka shkuar me nj\u00eb mjet n\u00eb fshatin Zvirin\u00eb dhe para lokalit t\u00eb xhaxhait t\u00eb viktim\u00ebs ka xhiruar gomat dhe \u00ebsht\u00eb larguar.<\/p>\n<p>Dit\u00ebn e ngjarjes viktima s\u00eb bashku me nj\u00eb shok kan\u00eb shkuar n\u00eb fshatin Pirg p\u00ebr tu qethur n\u00eb berberan\u00eb n\u00eb af\u00ebrsi t\u00eb lokalit ku ndodhi vrasja.<\/p>\n<div id=\"rekl-13\" data-country=\"AL\" data-display=\"0\">\n<div id=\"__sap-ad-15\" class=\"__sap-ads __sap-html inline tracked\" data-title=\"Credins desktop Brenda lajmit 08\">\n<div id=\"beacon_362517ac31\"><img loading=\"lazy\" loading=\"lazy\" decoding=\"async\" src=\"https:\/\/ads1.medium.al\/www\/delivery\/lg.php?bannerid=0&amp;campaignid=0&amp;zoneid=232&amp;loc=https%3A%2F%2Fwww.syri.net%2Fkronike%2F813240%2Fvrasja-e-14-vjecarit-ne-pirg-viktima-u-mbrojt-me-karrige-por-u-qellua-me-thike-pasi-u-rrezua%2F%3Ffbclid%3DIwY2xjawMNMYpleHRuA2FlbQIxMQABHkt37KKXLfBVwZJNNp-DeNtI20gY8fqdXSoBICvyV_ez0FLAV1KbcQ7dgzbo_aem_I7MRBq_yzWndjr8G4L_eKg&amp;referer=https%3A%2F%2Fl.facebook.com%2F&amp;cb=362517ac31\" alt=\"\" width=\"0\" height=\"0\" \/>Ata kan\u00eb par\u00eb autorin duke kaluar me makin\u00eb dhe i kan\u00eb fishk\u00ebllyer me q\u00ebllim p\u00ebr tu sqaruar. Ai ka ndaluar ka dal\u00eb nga makina dhe kan\u00eb nisur n\u00eb debatojn\u00eb nd\u00ebrkoh\u00eb q\u00eb ka nxjerr\u00eb thik\u00ebn.<\/div>\n<p>Viktima n\u00eb k\u00ebto kushte ka mar\u00eb nj\u00eb karrike nga oborri i lokalit p\u00ebr tu vet\u00ebmbrojtur duke e vendosur p\u00ebrpara trupit por teksa b\u00ebnte hapa pas \u00ebsht\u00eb penguar dhe autori n\u00eb at\u00eb moment e ka goditur me thik\u00eb.<\/p>\n<\/div>\n<\/div>\n<p>E gjith\u00eb ngjarja \u00ebsht\u00eb filmuar nga kamerat e siguris\u00eb s\u00eb lokalit.<\/p>\n","protected":false},"excerpt":{"rendered":"<p>T\u00eb tjera detaje trondit\u00ebse jan\u00eb zbardhur nga krimi i r\u00ebnd\u00eb i ndodhur n\u00eb fshatin Pirg t\u00eb Kor\u00e7\u00ebs, ku 14-vje\u00e7ari\u00a0Erald Xhejo,\u00a0humbi jet\u00ebn pasi u godit me thik\u00eb nga nj\u00eb bashk\u00ebmoshatar. Nga dosja hetimore m\u00ebsohet se disa dit\u00eb para se t\u00eb ndodhte krimi, autori Enedio Guri\u00a014 vje\u00e7, ka shkuar me nj\u00eb mjet n\u00eb fshatin Zvirin\u00eb dhe para [&hellip;]<\/p>\n","protected":false},"author":5,"featured_media":90329,"comment_status":"closed","ping_status":"closed","sticky":false,"template":"","format":"standard","meta":{"footnotes":""},"categories":[1,6332,29228],"tags":[37629,37630],"class_list":{"0":"post-90328","1":"post","2":"type-post","3":"status-publish","4":"format-standard","5":"has-post-thumbnail","7":"category-aktualitet","8":"category-te-fundit","9":"category-vendi","10":"tag-detaje-nga-vrasja-e-14-vjecarit","11":"tag-viktima-u-mbrojt-me-karrige-por-u"},"_links":{"self":[{"href":"https:\/\/jugulajm.net\/index.php?rest_route=\/wp\/v2\/posts\/90328","targetHints":{"allow":["GET"]}}],"collection":[{"href":"https:\/\/jugulajm.net\/index.php?rest_route=\/wp\/v2\/posts"}],"about":[{"href":"https:\/\/jugulajm.net\/index.php?rest_route=\/wp\/v2\/types\/post"}],"author":[{"embeddable":true,"href":"https:\/\/jugulajm.net\/index.php?rest_route=\/wp\/v2\/users\/5"}],"replies":[{"embeddable":true,"href":"https:\/\/jugulajm.net\/index.php?rest_route=%2Fwp%2Fv2%2Fcomments&post=90328"}],"version-history":[{"count":2,"href":"https:\/\/jugulajm.net\/index.php?rest_route=\/wp\/v2\/posts\/90328\/revisions"}],"predecessor-version":[{"id":90331,"href":"https:\/\/jugulajm.net\/index.php?rest_route=\/wp\/v2\/posts\/90328\/revisions\/90331"}],"wp:featuredmedia":[{"embeddable":true,"href":"https:\/\/jugulajm.net\/index.php?rest_route=\/wp\/v2\/media\/90329"}],"wp:attachment":[{"href":"https:\/\/jugulajm.net\/index.php?rest_route=%2Fwp%2Fv2%2Fmedia&parent=90328"}],"wp:term":[{"taxonomy":"category","embeddable":true,"href":"https:\/\/jugulajm.net\/index.php?rest_route=%2Fwp%2Fv2%2Fcategories&post=90328"},{"taxonomy":"post_tag","embeddable":true,"href":"https:\/\/jugulajm.net\/index.php?rest_route=%2Fwp%2Fv2%2Ftags&post=90328"}],"curies":[{"name":"wp","href":"https:\/\/api.w.org\/{rel}","templated":true}]}}