{"id":90326,"date":"2025-08-16T10:41:28","date_gmt":"2025-08-16T08:41:28","guid":{"rendered":"https:\/\/jugulajm.net\/?p=90326"},"modified":"2025-08-16T10:41:28","modified_gmt":"2025-08-16T08:41:28","slug":"arrestohet-65-vjecari-ndezi-zjarr-ne-token-e-tij-por","status":"publish","type":"post","link":"https:\/\/jugulajm.net\/?p=90326","title":{"rendered":"Arrestohet 65-vje\u00e7ari, ndezi zjarr n\u00eb tok\u00ebn e tij por&#8230;"},"content":{"rendered":"<p>Nj\u00eb 65-vje\u00e7ar \u00ebsht\u00eb v\u00ebn\u00eb n\u00eb pranga pasi ndezi zjarr n\u00eb tok\u00ebn e tij, por situata doli jasht\u00eb kontrollit.<\/p>\n<p>Autori u identifikua dhe u vu n\u00eb pranga si i dyshuar i zjarrv\u00ebnies n\u00eb fshatin Rabijak, Berat.<\/p>\n<p><em>\u201cSh\u00ebrbimet e Komisariatit t\u00eb Policis\u00eb Berat arrestuan shtetasin V. R., 65 vje\u00e7, banues n\u00eb fshatin Rabijak, Berat, pasi dyshohet se dit\u00ebn e djeshme ka ndezur zjarr n\u00eb tok\u00ebn e tij. Zjarri i ka dal\u00eb jasht\u00eb kontrollit dhe ka rrezikuar banesa dhe sip\u00ebrfaqe toke t\u00eb mbjella me pem\u00eb frutore\u201d,<\/em>\u00a0njofton policia.<\/p>\n<p>Materialet procedurale iu referuan Prokuroris\u00eb pran\u00eb Gjykat\u00ebs s\u00eb Shkall\u00ebs s\u00eb Par\u00eb, Juridiksionit t\u00eb P\u00ebrgjithsh\u00ebm Berat, p\u00ebr veprime t\u00eb m\u00ebtejshme.<\/p>\n","protected":false},"excerpt":{"rendered":"<p>Nj\u00eb 65-vje\u00e7ar \u00ebsht\u00eb v\u00ebn\u00eb n\u00eb pranga pasi ndezi zjarr n\u00eb tok\u00ebn e tij, por situata doli jasht\u00eb kontrollit. Autori u identifikua dhe u vu n\u00eb pranga si i dyshuar i zjarrv\u00ebnies n\u00eb fshatin Rabijak, Berat. \u201cSh\u00ebrbimet e Komisariatit t\u00eb Policis\u00eb Berat arrestuan shtetasin V. R., 65 vje\u00e7, banues n\u00eb fshatin Rabijak, Berat, pasi dyshohet se [&hellip;]<\/p>\n","protected":false},"author":5,"featured_media":81081,"comment_status":"closed","ping_status":"closed","sticky":false,"template":"","format":"standard","meta":{"footnotes":""},"categories":[1,6332,29228],"tags":[34374,37628],"class_list":{"0":"post-90326","1":"post","2":"type-post","3":"status-publish","4":"format-standard","5":"has-post-thumbnail","7":"category-aktualitet","8":"category-te-fundit","9":"category-vendi","10":"tag-arrestohet-65-vjecari","11":"tag-ndezi-zjarr-ne-token-e-tij-por"},"_links":{"self":[{"href":"https:\/\/jugulajm.net\/index.php?rest_route=\/wp\/v2\/posts\/90326","targetHints":{"allow":["GET"]}}],"collection":[{"href":"https:\/\/jugulajm.net\/index.php?rest_route=\/wp\/v2\/posts"}],"about":[{"href":"https:\/\/jugulajm.net\/index.php?rest_route=\/wp\/v2\/types\/post"}],"author":[{"embeddable":true,"href":"https:\/\/jugulajm.net\/index.php?rest_route=\/wp\/v2\/users\/5"}],"replies":[{"embeddable":true,"href":"https:\/\/jugulajm.net\/index.php?rest_route=%2Fwp%2Fv2%2Fcomments&post=90326"}],"version-history":[{"count":1,"href":"https:\/\/jugulajm.net\/index.php?rest_route=\/wp\/v2\/posts\/90326\/revisions"}],"predecessor-version":[{"id":90327,"href":"https:\/\/jugulajm.net\/index.php?rest_route=\/wp\/v2\/posts\/90326\/revisions\/90327"}],"wp:featuredmedia":[{"embeddable":true,"href":"https:\/\/jugulajm.net\/index.php?rest_route=\/wp\/v2\/media\/81081"}],"wp:attachment":[{"href":"https:\/\/jugulajm.net\/index.php?rest_route=%2Fwp%2Fv2%2Fmedia&parent=90326"}],"wp:term":[{"taxonomy":"category","embeddable":true,"href":"https:\/\/jugulajm.net\/index.php?rest_route=%2Fwp%2Fv2%2Fcategories&post=90326"},{"taxonomy":"post_tag","embeddable":true,"href":"https:\/\/jugulajm.net\/index.php?rest_route=%2Fwp%2Fv2%2Ftags&post=90326"}],"curies":[{"name":"wp","href":"https:\/\/api.w.org\/{rel}","templated":true}]}}