{"id":90292,"date":"2025-08-15T10:04:11","date_gmt":"2025-08-15T08:04:11","guid":{"rendered":"https:\/\/jugulajm.net\/?p=90292"},"modified":"2025-08-15T10:04:11","modified_gmt":"2025-08-15T08:04:11","slug":"emrat-prangosen-8-persona-per-vrasjen-e-14-vjecarit-ja-roli-i-tyre","status":"publish","type":"post","link":"https:\/\/jugulajm.net\/?p=90292","title":{"rendered":"EMRAT\/ Prangosen 8 persona p\u00ebr vrasjen e 14-vje\u00e7arit, ja roli i tyre&#8230;"},"content":{"rendered":"<p>Policia e Kor\u00e7\u00ebs ka zbardhur dinamik\u00ebn e vrasjes me thik\u00eb t\u00eb 14-vje\u00e7arit Erald Xhejo n\u00eb nj\u00eb lokal n\u00eb fshatin Pirg, n\u00eb Maliq nd\u00ebrsa ka arrestuar tet\u00eb persona n\u00eb lidhje me k\u00ebt\u00eb ngjarje t\u00eb r\u00ebnd\u00eb.<\/p>\n<p>N\u00eb njoftimin e Policis\u00eb, jepet informacion p\u00ebr t\u00eb arrestuarit, rolin e tyre n\u00eb ngjarje, si dhe akuzat q\u00eb r\u00ebndojn\u00eb mbi ta.<\/p>\n<p><strong>U arrestuan:\u00a0<\/strong>E.G., 14 vje\u00e7, banues n\u00eb fshatin Leminot si autori i dyshuar i vrasjes s\u00eb 14-vje\u00e7arit E.XH. Pas kryerjes s\u00eb krimit ai tentoi t\u00eb largohej nga vendngjarja me automjet nd\u00ebrsa akuzohet p\u00ebr veprat penale \u201cVrasja me dashje\u201d dhe \u201cDrejtimi i automjetit n\u00eb m\u00ebnyr\u00eb t\u00eb parregullt\u201d.<\/p>\n<p>Edison Guri, babai i autorit t\u00eb dyshuar, dhe Roland Guri, xhaxhai i tij, t\u00eb akuzuar p\u00ebr vepr\u00ebn penale \u201cVeprime q\u00eb pengojn\u00eb zbulimin e t\u00eb v\u00ebrtet\u00ebs\u201d, pasi dyshohet se fsheh\u00ebn mjetin prer\u00ebs (thik\u00ebn) me t\u00eb cilin u krye krimi.<\/p>\n<div class=\"td-a-ad id_inline_ad2 id_ad_content-horiz-center\"><\/div>\n<p>Flori \u00c7ela i akuzuar p\u00ebr vepr\u00ebn penale \u201cMoskall\u00ebzimi i krimit\u201d, pasi ka qen\u00eb i pranish\u00ebm gjat\u00eb konfliktit dhe dyshohet se ka tentuar t\u00eb largohet nga vendi i ngjarjes me t\u00eb nj\u00ebjtin automjet ku ndodhej edhe 14-vje\u00e7ari E.G.<\/p>\n<p>Gjithashtu jan\u00eb arrestuar dhe\u00a0 kat\u00ebr t\u00eb mitur, banues n\u00eb fshatin Zvirin\u00eb t\u00eb cil\u00ebt akuzohen p\u00ebr veprat penale \u201cMoskall\u00ebzimi i krimit\u201d dhe \u201cVeprime q\u00eb pengojn\u00eb zbulimin e t\u00eb v\u00ebrtet\u00ebs\u201d, pasi kan\u00eb qen\u00eb t\u00eb pranish\u00ebm gjat\u00eb konfliktit mes 14-vje\u00e7ar\u00ebve dhe dyshohet se n\u00ebp\u00ebrmjet deklarimeve n\u00eb polici, kan\u00eb tentuar t\u00eb pengojn\u00eb zbulimin e s\u00eb v\u00ebrtet\u00ebs.<\/p>\n<p>N\u00eb cil\u00ebsin\u00eb e prov\u00ebs materiale jan\u00eb sekuestruar: mjeti prer\u00ebs (thik\u00eb), automjeti me t\u00eb cilin tentuan t\u00eb largoheshin dy shtetasit dhe pes\u00eb celular\u00eb.<\/p>\n<p>Ngjarja ndodhi pas nj\u00eb sherri p\u00ebr motive t\u00eb dob\u00ebta, nd\u00ebrsa edhe vet\u00eb autori i dyshuar, 14-vje\u00e7ar, mbeti i l\u00ebnduar nga mjeti prer\u00ebs gjat\u00eb konfliktit.<\/p>\n<p>Ai mori asistenc\u00ebn e nevojshme mjek\u00ebsore dhe la ambientet e spitalit dit\u00ebn e djeshme.<\/p>\n<p>Materialet procedurale iu referuan Prokuroris\u00eb s\u00eb Kor\u00e7\u00ebs p\u00ebr veprime t\u00eb m\u00ebtejshme.<\/p>\n","protected":false},"excerpt":{"rendered":"<p>Policia e Kor\u00e7\u00ebs ka zbardhur dinamik\u00ebn e vrasjes me thik\u00eb t\u00eb 14-vje\u00e7arit Erald Xhejo n\u00eb nj\u00eb lokal n\u00eb fshatin Pirg, n\u00eb Maliq nd\u00ebrsa ka arrestuar tet\u00eb persona n\u00eb lidhje me k\u00ebt\u00eb ngjarje t\u00eb r\u00ebnd\u00eb. N\u00eb njoftimin e Policis\u00eb, jepet informacion p\u00ebr t\u00eb arrestuarit, rolin e tyre n\u00eb ngjarje, si dhe akuzat q\u00eb r\u00ebndojn\u00eb mbi ta. [&hellip;]<\/p>\n","protected":false},"author":5,"featured_media":56323,"comment_status":"closed","ping_status":"closed","sticky":false,"template":"","format":"standard","meta":{"footnotes":""},"categories":[1,6332,29228],"tags":[37613,37614],"class_list":{"0":"post-90292","1":"post","2":"type-post","3":"status-publish","4":"format-standard","5":"has-post-thumbnail","7":"category-aktualitet","8":"category-te-fundit","9":"category-vendi","10":"tag-emrat-prangosen-8-persona-per-vrasjen-e-14-vjecarit","11":"tag-ja-roli-i-tyre"},"_links":{"self":[{"href":"https:\/\/jugulajm.net\/index.php?rest_route=\/wp\/v2\/posts\/90292","targetHints":{"allow":["GET"]}}],"collection":[{"href":"https:\/\/jugulajm.net\/index.php?rest_route=\/wp\/v2\/posts"}],"about":[{"href":"https:\/\/jugulajm.net\/index.php?rest_route=\/wp\/v2\/types\/post"}],"author":[{"embeddable":true,"href":"https:\/\/jugulajm.net\/index.php?rest_route=\/wp\/v2\/users\/5"}],"replies":[{"embeddable":true,"href":"https:\/\/jugulajm.net\/index.php?rest_route=%2Fwp%2Fv2%2Fcomments&post=90292"}],"version-history":[{"count":1,"href":"https:\/\/jugulajm.net\/index.php?rest_route=\/wp\/v2\/posts\/90292\/revisions"}],"predecessor-version":[{"id":90293,"href":"https:\/\/jugulajm.net\/index.php?rest_route=\/wp\/v2\/posts\/90292\/revisions\/90293"}],"wp:featuredmedia":[{"embeddable":true,"href":"https:\/\/jugulajm.net\/index.php?rest_route=\/wp\/v2\/media\/56323"}],"wp:attachment":[{"href":"https:\/\/jugulajm.net\/index.php?rest_route=%2Fwp%2Fv2%2Fmedia&parent=90292"}],"wp:term":[{"taxonomy":"category","embeddable":true,"href":"https:\/\/jugulajm.net\/index.php?rest_route=%2Fwp%2Fv2%2Fcategories&post=90292"},{"taxonomy":"post_tag","embeddable":true,"href":"https:\/\/jugulajm.net\/index.php?rest_route=%2Fwp%2Fv2%2Ftags&post=90292"}],"curies":[{"name":"wp","href":"https:\/\/api.w.org\/{rel}","templated":true}]}}