{"id":90277,"date":"2025-08-14T17:15:54","date_gmt":"2025-08-14T15:15:54","guid":{"rendered":"https:\/\/jugulajm.net\/?p=90277"},"modified":"2025-08-14T17:15:54","modified_gmt":"2025-08-14T15:15:54","slug":"zhduket-56-vjecari-doli-per-te-kerkuar-qenin-por","status":"publish","type":"post","link":"https:\/\/jugulajm.net\/?p=90277","title":{"rendered":"Zhduket 56-vje\u00e7ari, doli p\u00ebr t\u00eb k\u00ebrkuar qenin, por&#8230;"},"content":{"rendered":"<p>Nj\u00eb ngjarje e r\u00ebnd\u00eb \u00ebsht\u00eb regjistruar, ku nj\u00eb person \u00ebsht\u00eb raportuar i zhdukur q\u00eb prej m\u00ebngjesit t\u00eb sot\u00ebm.<\/p>\n<p>B\u00ebhet fjal\u00eb p\u00ebr P. T., 56 vje\u00e7, nga fshati Pashtresh t\u00eb Elbasanit, cili kishte dal\u00eb nga banesa p\u00ebr t\u00eb k\u00ebrkuar qenin e tij, p\u00ebrdorur p\u00ebr ruajtjen e bag\u00ebtive, pasi kafsha kishte humbur n\u00eb zon\u00ebn malore p\u00ebrreth.<\/p>\n<p>Sipas t\u00eb dh\u00ebnave paraprake, dyshohet se gjat\u00eb k\u00ebrkimeve n\u00eb terrenin e v\u00ebshtir\u00eb t\u00eb kanioneve t\u00eb Val\u00ebshit, 56-vje\u00e7ari mund t\u00eb ket\u00eb rr\u00ebshqitur dhe t\u00eb ket\u00eb r\u00ebn\u00eb n\u00eb nj\u00eb nga greminat e thella q\u00eb karakterizojn\u00eb k\u00ebt\u00eb zon\u00eb. Kanionet e Val\u00ebshit jan\u00eb t\u00eb njohura p\u00ebr bukurin\u00eb natyrore, por edhe p\u00ebr rrezikun q\u00eb paraqesin p\u00ebr k\u00ebdo q\u00eb l\u00ebviz jasht\u00eb shtigjeve t\u00eb sigurta, sidomos n\u00eb periudha me lag\u00ebshti ku shk\u00ebmbinjt\u00eb b\u00ebhen t\u00eb rr\u00ebshqitsh\u00ebm.<\/p>\n<p>Menj\u00ebher\u00eb pas njoftimit p\u00ebr zhdukjen, banor\u00ebt e zon\u00ebs u mobilizuan p\u00ebr t\u00eb nisur k\u00ebrkimet, duke u bashkuar me forcat e policis\u00eb lokale dhe ekipin e K\u00ebrkim Shp\u00ebtimit Malor. Ky i fundit ka hyr\u00eb n\u00eb operacion me pajisje t\u00eb specializuara p\u00ebr terrene t\u00eb thyer, p\u00ebrfshir\u00eb litar\u00eb sigurie dhe pajisje ngjitjeje, p\u00ebr t\u00eb eksploruar \u00e7do segment t\u00eb mundsh\u00ebm ku mund t\u00eb ket\u00eb p\u00ebrfunduar i zhdukuri.<\/p>\n<p>K\u00ebrkimet po zhvillohen me v\u00ebshtir\u00ebsi p\u00ebr shkak t\u00eb terrenit t\u00eb ashp\u00ebr dhe munges\u00ebs s\u00eb sinjalit telefonik n\u00eb disa pjes\u00eb t\u00eb zon\u00ebs. Autoritetet nuk p\u00ebrjashtojn\u00eb asnj\u00eb skenar, por hipoteza m\u00eb e fort\u00eb mbetet ajo e rr\u00ebzimit aksidental. Familjar\u00ebt dhe t\u00eb af\u00ebrmit e P\u00ebllumb To\u00e7it ndodhen pran\u00eb vendit t\u00eb ngjarjes n\u00eb pritje t\u00eb \u00e7do lajmi, nd\u00ebrsa kan\u00eb b\u00ebr\u00eb thirrje p\u00ebr ndihm\u00eb dhe p\u00ebr zgjerimin e forcave k\u00ebrkimore.<\/p>\n<p>Policia ka apeluar gjithashtu q\u00eb qytetar\u00ebt t\u00eb shmangin hyrjen n\u00eb zonat e rrezikshme pa shoq\u00ebrim t\u00eb njoh\u00ebsve t\u00eb terrenit, duke kujtuar se kanionet dhe shpatet e thepisura t\u00eb Val\u00ebshit mund t\u00eb jen\u00eb fatale n\u00ebse nuk respektohen masat e siguris\u00eb.<\/p>\n<p>K\u00ebrkimet do t\u00eb vijojn\u00eb deri n\u00eb gjetjen e 56-vje\u00e7arit, me shpres\u00ebn se ai mund t\u00eb gjendet gjall\u00eb.<\/p>\n","protected":false},"excerpt":{"rendered":"<p>Nj\u00eb ngjarje e r\u00ebnd\u00eb \u00ebsht\u00eb regjistruar, ku nj\u00eb person \u00ebsht\u00eb raportuar i zhdukur q\u00eb prej m\u00ebngjesit t\u00eb sot\u00ebm. B\u00ebhet fjal\u00eb p\u00ebr P. T., 56 vje\u00e7, nga fshati Pashtresh t\u00eb Elbasanit, cili kishte dal\u00eb nga banesa p\u00ebr t\u00eb k\u00ebrkuar qenin e tij, p\u00ebrdorur p\u00ebr ruajtjen e bag\u00ebtive, pasi kafsha kishte humbur n\u00eb zon\u00ebn malore p\u00ebrreth. Sipas [&hellip;]<\/p>\n","protected":false},"author":5,"featured_media":52254,"comment_status":"closed","ping_status":"closed","sticky":false,"template":"","format":"standard","meta":{"footnotes":""},"categories":[1,6332,29228],"tags":[37608,21429,37607],"class_list":{"0":"post-90277","1":"post","2":"type-post","3":"status-publish","4":"format-standard","5":"has-post-thumbnail","7":"category-aktualitet","8":"category-te-fundit","9":"category-vendi","10":"tag-doli-per-te-kerkuar-qenin","11":"tag-por","12":"tag-zhduket-56-vjecari"},"_links":{"self":[{"href":"https:\/\/jugulajm.net\/index.php?rest_route=\/wp\/v2\/posts\/90277","targetHints":{"allow":["GET"]}}],"collection":[{"href":"https:\/\/jugulajm.net\/index.php?rest_route=\/wp\/v2\/posts"}],"about":[{"href":"https:\/\/jugulajm.net\/index.php?rest_route=\/wp\/v2\/types\/post"}],"author":[{"embeddable":true,"href":"https:\/\/jugulajm.net\/index.php?rest_route=\/wp\/v2\/users\/5"}],"replies":[{"embeddable":true,"href":"https:\/\/jugulajm.net\/index.php?rest_route=%2Fwp%2Fv2%2Fcomments&post=90277"}],"version-history":[{"count":1,"href":"https:\/\/jugulajm.net\/index.php?rest_route=\/wp\/v2\/posts\/90277\/revisions"}],"predecessor-version":[{"id":90278,"href":"https:\/\/jugulajm.net\/index.php?rest_route=\/wp\/v2\/posts\/90277\/revisions\/90278"}],"wp:featuredmedia":[{"embeddable":true,"href":"https:\/\/jugulajm.net\/index.php?rest_route=\/wp\/v2\/media\/52254"}],"wp:attachment":[{"href":"https:\/\/jugulajm.net\/index.php?rest_route=%2Fwp%2Fv2%2Fmedia&parent=90277"}],"wp:term":[{"taxonomy":"category","embeddable":true,"href":"https:\/\/jugulajm.net\/index.php?rest_route=%2Fwp%2Fv2%2Fcategories&post=90277"},{"taxonomy":"post_tag","embeddable":true,"href":"https:\/\/jugulajm.net\/index.php?rest_route=%2Fwp%2Fv2%2Ftags&post=90277"}],"curies":[{"name":"wp","href":"https:\/\/api.w.org\/{rel}","templated":true}]}}