{"id":90272,"date":"2025-08-14T15:38:44","date_gmt":"2025-08-14T13:38:44","guid":{"rendered":"https:\/\/jugulajm.net\/?p=90272"},"modified":"2025-08-14T15:38:44","modified_gmt":"2025-08-14T13:38:44","slug":"video-rama-shtepite-e-djegura-do-behen-te-reja-humbjet-e-bagetive-do-te-demshperblehen","status":"publish","type":"post","link":"https:\/\/jugulajm.net\/?p=90272","title":{"rendered":"VIDEO\/ Rama: Sht\u00ebpit\u00eb e djegura do b\u00ebhen t\u00eb reja, humbjet e bag\u00ebtive do t\u00eb d\u00ebmshp\u00ebrblehen"},"content":{"rendered":"<p>Kryeministri Edi Rama deklaroi k\u00ebt\u00eb t\u00eb enjte se banesat e d\u00ebmtuara nga zjarret masive t\u00eb dit\u00ebve t\u00eb fundit do t\u00eb rind\u00ebrtohen, nd\u00ebrsa familjet q\u00eb kan\u00eb humbur bag\u00ebtit\u00eb do t\u00eb marrin d\u00ebmshp\u00ebrblim t\u00eb plot\u00eb p\u00ebr to.<\/p>\n<p>N\u00eb nj\u00eb dalje publike n\u00eb rrjete sociale, kreu i qeveris\u00eb b\u00ebri t\u00eb ditur se 207 banesa jan\u00eb d\u00ebmtuar si pasoj\u00eb e flak\u00ebve, nd\u00ebrsa 40 prej tyre jan\u00eb shkrumbuar totalisht.<\/p>\n<p>Ai siguroi se asnj\u00eb familje e prekur nuk do t\u00eb mbetet pa ndihm\u00eb dhe se qeveria do t\u00eb jet\u00eb n\u00eb krah t\u00eb tyre p\u00ebr rikthimin n\u00eb nj\u00eb jet\u00eb normale.<\/p>\n<p>\u201cDua t\u2019i siguroj t\u00eb gjitha familjet, si ato q\u00eb kan\u00eb humbur plot\u00ebsisht sht\u00ebpin\u00eb, ashtu edhe ato q\u00eb kan\u00eb p\u00ebsuar d\u00ebmtime, se do t\u00eb marrin mb\u00ebshtetjen e plot\u00eb t\u00eb shtetit. Ne po b\u00ebjm\u00eb inventarizimin e d\u00ebmeve sipas protokolleve, n\u00eb bashk\u00ebpunim me autoritetet p\u00ebrkat\u00ebse, dhe do t\u00eb veprojm\u00eb si gjithmon\u00eb: askush nuk do t\u00eb mbetet vet\u00ebm. Sht\u00ebpit\u00eb do t\u00eb rind\u00ebrtohen m\u00eb t\u00eb mira dhe m\u00eb t\u00eb forta,\u201d tha Rama.<\/p>\n<p>Kryeministri shtoi se p\u00ebrve\u00e7 d\u00ebmeve n\u00eb banesa, do t\u00eb kompensohen edhe humbjet n\u00eb blegtori. Deri tani jan\u00eb raportuar 3,916 krer\u00eb bag\u00ebti t\u00eb humbura nga zjarret, dhe sipas Ram\u00ebs, d\u00ebmshp\u00ebrblimi do t\u00eb b\u00ebhet p\u00ebr \u00e7do rast.<\/p>\n<p>\u201cDo t\u00eb kompensojm\u00eb nj\u00eb p\u00ebr nj\u00eb \u00e7do krer\u00eb t\u00eb humbur, pa asnj\u00eb diskutim,\u201d tha ai, duke n\u00ebnvizuar se procesi i evidentimit t\u00eb plot\u00eb t\u00eb d\u00ebmeve \u00ebsht\u00eb ende n\u00eb vijim.<\/p>\n<div class=\"twitter-tweet twitter-tweet-rendered\"><iframe id=\"twitter-widget-0\" class=\"\" title=\"X Post\" src=\"https:\/\/platform.twitter.com\/embed\/Tweet.html?creatorScreenName=euronewsalbania&amp;dnt=false&amp;embedId=twitter-widget-0&amp;features=eyJ0ZndfdGltZWxpbmVfbGlzdCI6eyJidWNrZXQiOltdLCJ2ZXJzaW9uIjpudWxsfSwidGZ3X2ZvbGxvd2VyX2NvdW50X3N1bnNldCI6eyJidWNrZXQiOnRydWUsInZlcnNpb24iOm51bGx9LCJ0ZndfdHdlZXRfZWRpdF9iYWNrZW5kIjp7ImJ1Y2tldCI6Im9uIiwidmVyc2lvbiI6bnVsbH0sInRmd19yZWZzcmNfc2Vzc2lvbiI6eyJidWNrZXQiOiJvbiIsInZlcnNpb24iOm51bGx9LCJ0ZndfZm9zbnJfc29mdF9pbnRlcnZlbnRpb25zX2VuYWJsZWQiOnsiYnVja2V0Ijoib24iLCJ2ZXJzaW9uIjpudWxsfSwidGZ3X21peGVkX21lZGlhXzE1ODk3Ijp7ImJ1Y2tldCI6InRyZWF0bWVudCIsInZlcnNpb24iOm51bGx9LCJ0ZndfZXhwZXJpbWVudHNfY29va2llX2V4cGlyYXRpb24iOnsiYnVja2V0IjoxMjA5NjAwLCJ2ZXJzaW9uIjpudWxsfSwidGZ3X3Nob3dfYmlyZHdhdGNoX3Bpdm90c19lbmFibGVkIjp7ImJ1Y2tldCI6Im9uIiwidmVyc2lvbiI6bnVsbH0sInRmd19kdXBsaWNhdGVfc2NyaWJlc190b19zZXR0aW5ncyI6eyJidWNrZXQiOiJvbiIsInZlcnNpb24iOm51bGx9LCJ0ZndfdXNlX3Byb2ZpbGVfaW1hZ2Vfc2hhcGVfZW5hYmxlZCI6eyJidWNrZXQiOiJvbiIsInZlcnNpb24iOm51bGx9LCJ0ZndfdmlkZW9faGxzX2R5bmFtaWNfbWFuaWZlc3RzXzE1MDgyIjp7ImJ1Y2tldCI6InRydWVfYml0cmF0ZSIsInZlcnNpb24iOm51bGx9LCJ0ZndfbGVnYWN5X3RpbWVsaW5lX3N1bnNldCI6eyJidWNrZXQiOnRydWUsInZlcnNpb24iOm51bGx9LCJ0ZndfdHdlZXRfZWRpdF9mcm9udGVuZCI6eyJidWNrZXQiOiJvbiIsInZlcnNpb24iOm51bGx9fQ%3D%3D&amp;frame=false&amp;hideCard=false&amp;hideThread=false&amp;id=1955962281172304143&amp;lang=en&amp;maxWidth=560px&amp;origin=https%3A%2F%2Feuronews.al%2Frama-banesat-e-djegura-do-te-behen-te-reja-humbjet-e-bagetive-do-te-demshperblehen%2F&amp;partner=ogwp&amp;sessionId=16f01e5dbe4b10f6fd2830608312052d8d5848c8&amp;siteScreenName=euronewsalbania&amp;theme=light&amp;widgetsVersion=2615f7e52b7e0%3A1702314776716&amp;width=550px\" frameborder=\"0\" scrolling=\"no\" allowfullscreen=\"allowfullscreen\" data-gtm-yt-inspected-11=\"true\" data-gtm-yt-inspected-17=\"true\" data-tweet-id=\"1955962281172304143\" data-mce-fragment=\"1\"><\/iframe><\/div>\n","protected":false},"excerpt":{"rendered":"<p>Kryeministri Edi Rama deklaroi k\u00ebt\u00eb t\u00eb enjte se banesat e d\u00ebmtuara nga zjarret masive t\u00eb dit\u00ebve t\u00eb fundit do t\u00eb rind\u00ebrtohen, nd\u00ebrsa familjet q\u00eb kan\u00eb humbur bag\u00ebtit\u00eb do t\u00eb marrin d\u00ebmshp\u00ebrblim t\u00eb plot\u00eb p\u00ebr to. N\u00eb nj\u00eb dalje publike n\u00eb rrjete sociale, kreu i qeveris\u00eb b\u00ebri t\u00eb ditur se 207 banesa jan\u00eb d\u00ebmtuar si pasoj\u00eb [&hellip;]<\/p>\n","protected":false},"author":5,"featured_media":90273,"comment_status":"closed","ping_status":"closed","sticky":false,"template":"","format":"standard","meta":{"footnotes":""},"categories":[6332,29228],"tags":[20432,37606,37605],"class_list":{"0":"post-90272","1":"post","2":"type-post","3":"status-publish","4":"format-standard","5":"has-post-thumbnail","7":"category-te-fundit","8":"category-vendi","9":"tag-edi-rama","10":"tag-humbjet-e-bagetive-do-te-demshperblehen","11":"tag-video-rama-shtepite-e-djegura-do-behen-te-reja"},"_links":{"self":[{"href":"https:\/\/jugulajm.net\/index.php?rest_route=\/wp\/v2\/posts\/90272","targetHints":{"allow":["GET"]}}],"collection":[{"href":"https:\/\/jugulajm.net\/index.php?rest_route=\/wp\/v2\/posts"}],"about":[{"href":"https:\/\/jugulajm.net\/index.php?rest_route=\/wp\/v2\/types\/post"}],"author":[{"embeddable":true,"href":"https:\/\/jugulajm.net\/index.php?rest_route=\/wp\/v2\/users\/5"}],"replies":[{"embeddable":true,"href":"https:\/\/jugulajm.net\/index.php?rest_route=%2Fwp%2Fv2%2Fcomments&post=90272"}],"version-history":[{"count":1,"href":"https:\/\/jugulajm.net\/index.php?rest_route=\/wp\/v2\/posts\/90272\/revisions"}],"predecessor-version":[{"id":90274,"href":"https:\/\/jugulajm.net\/index.php?rest_route=\/wp\/v2\/posts\/90272\/revisions\/90274"}],"wp:featuredmedia":[{"embeddable":true,"href":"https:\/\/jugulajm.net\/index.php?rest_route=\/wp\/v2\/media\/90273"}],"wp:attachment":[{"href":"https:\/\/jugulajm.net\/index.php?rest_route=%2Fwp%2Fv2%2Fmedia&parent=90272"}],"wp:term":[{"taxonomy":"category","embeddable":true,"href":"https:\/\/jugulajm.net\/index.php?rest_route=%2Fwp%2Fv2%2Fcategories&post=90272"},{"taxonomy":"post_tag","embeddable":true,"href":"https:\/\/jugulajm.net\/index.php?rest_route=%2Fwp%2Fv2%2Ftags&post=90272"}],"curies":[{"name":"wp","href":"https:\/\/api.w.org\/{rel}","templated":true}]}}