{"id":90266,"date":"2025-08-14T11:16:54","date_gmt":"2025-08-14T09:16:54","guid":{"rendered":"https:\/\/jugulajm.net\/?p=90266"},"modified":"2025-08-14T11:16:54","modified_gmt":"2025-08-14T09:16:54","slug":"rama-situata-nga-zjarret-e-permiresuar-fale-sakrificave-neveri-per-lehaqeniet","status":"publish","type":"post","link":"https:\/\/jugulajm.net\/?p=90266","title":{"rendered":"Rama: Situata nga zjarret e p\u00ebrmir\u00ebsuar fal\u00eb sakrificave, neveri p\u00ebr lehaqeniet&#8230;"},"content":{"rendered":"<p>Pas nj\u00eb s\u00ebr\u00eb postimesh dit\u00ebn e djeshme mbi situat\u00ebn e zjarreve, kryeministri Rama e ka nisur edhe k\u00ebt\u00eb t\u00eb enjte me nj\u00eb status n\u00eb lidhje me k\u00ebt\u00eb problematik\u00eb.<\/p>\n<p>Sipas tij, situata duket e p\u00ebrmir\u00ebsuar, por mbetet nj\u00eb tjet\u00ebr dit\u00eb n\u00eb gatishm\u00ebri t\u00eb lart\u00eb.<\/p>\n<p>Rama shkruan se jan\u00eb t\u00eb neveritshme lehaqeniet, si\u00e7 i quan ai, nd\u00ebrsa uron nj\u00eb dit\u00eb sa m\u00eb t\u00eb qet\u00eb p\u00ebr t\u00eb gjith\u00eb.<\/p>\n<p>\u201cMir\u00ebm\u00ebngjes! Dhe me nj\u00eb tjet\u00ebr dit\u00eb gatishm\u00ebrie t\u00eb lart\u00eb e p\u00ebrpjekjesh t\u00eb p\u00ebrbashk\u00ebta, p\u00ebrball\u00eb nj\u00eb situate t\u00eb p\u00ebrmir\u00ebsuar fal\u00eb mundimesh e sakrificash t\u00eb admirueshme, por me rreziqe e t\u00eb papritura n\u00eb \u00e7do \u00e7ast; me neveri p\u00ebr lehaqeniet q\u00eb vazhdojn\u00eb avazin e tyre t\u00eb krehjes para pasqyrave mediatike, teksa n\u00eb t\u00ebr\u00eb Europ\u00ebn Jugore digjen n\u00eb flak\u00eb mij\u00ebra vatra zjarri, nga Spanja e deri n\u00eb Turqi, ju uroj nj\u00eb dit\u00eb sa m\u00eb t\u00eb qet\u00eb t\u00eb gjith\u00ebve,\u201d shkruan Rama.<\/p>\n","protected":false},"excerpt":{"rendered":"<p>Pas nj\u00eb s\u00ebr\u00eb postimesh dit\u00ebn e djeshme mbi situat\u00ebn e zjarreve, kryeministri Rama e ka nisur edhe k\u00ebt\u00eb t\u00eb enjte me nj\u00eb status n\u00eb lidhje me k\u00ebt\u00eb problematik\u00eb. Sipas tij, situata duket e p\u00ebrmir\u00ebsuar, por mbetet nj\u00eb tjet\u00ebr dit\u00eb n\u00eb gatishm\u00ebri t\u00eb lart\u00eb. Rama shkruan se jan\u00eb t\u00eb neveritshme lehaqeniet, si\u00e7 i quan ai, nd\u00ebrsa [&hellip;]<\/p>\n","protected":false},"author":5,"featured_media":90165,"comment_status":"closed","ping_status":"closed","sticky":false,"template":"","format":"standard","meta":{"footnotes":""},"categories":[6332,29228],"tags":[37598,37597],"class_list":{"0":"post-90266","1":"post","2":"type-post","3":"status-publish","4":"format-standard","5":"has-post-thumbnail","7":"category-te-fundit","8":"category-vendi","9":"tag-neveri-per-lehaqeniet","10":"tag-rama-situata-nga-zjarret-e-permiresuar-fale-sakrificave"},"_links":{"self":[{"href":"https:\/\/jugulajm.net\/index.php?rest_route=\/wp\/v2\/posts\/90266","targetHints":{"allow":["GET"]}}],"collection":[{"href":"https:\/\/jugulajm.net\/index.php?rest_route=\/wp\/v2\/posts"}],"about":[{"href":"https:\/\/jugulajm.net\/index.php?rest_route=\/wp\/v2\/types\/post"}],"author":[{"embeddable":true,"href":"https:\/\/jugulajm.net\/index.php?rest_route=\/wp\/v2\/users\/5"}],"replies":[{"embeddable":true,"href":"https:\/\/jugulajm.net\/index.php?rest_route=%2Fwp%2Fv2%2Fcomments&post=90266"}],"version-history":[{"count":1,"href":"https:\/\/jugulajm.net\/index.php?rest_route=\/wp\/v2\/posts\/90266\/revisions"}],"predecessor-version":[{"id":90267,"href":"https:\/\/jugulajm.net\/index.php?rest_route=\/wp\/v2\/posts\/90266\/revisions\/90267"}],"wp:featuredmedia":[{"embeddable":true,"href":"https:\/\/jugulajm.net\/index.php?rest_route=\/wp\/v2\/media\/90165"}],"wp:attachment":[{"href":"https:\/\/jugulajm.net\/index.php?rest_route=%2Fwp%2Fv2%2Fmedia&parent=90266"}],"wp:term":[{"taxonomy":"category","embeddable":true,"href":"https:\/\/jugulajm.net\/index.php?rest_route=%2Fwp%2Fv2%2Fcategories&post=90266"},{"taxonomy":"post_tag","embeddable":true,"href":"https:\/\/jugulajm.net\/index.php?rest_route=%2Fwp%2Fv2%2Ftags&post=90266"}],"curies":[{"name":"wp","href":"https:\/\/api.w.org\/{rel}","templated":true}]}}