{"id":90234,"date":"2025-08-13T13:37:39","date_gmt":"2025-08-13T11:37:39","guid":{"rendered":"https:\/\/jugulajm.net\/?p=90234"},"modified":"2025-08-13T13:39:08","modified_gmt":"2025-08-13T11:39:08","slug":"zjarret-ne-gramsh-dhe-delvine-flasin-banoret-po-me-zien-zemra-ce-dua-jeten-kam-punuar-70-vjet-per-ate-shtepi","status":"publish","type":"post","link":"https:\/\/jugulajm.net\/?p=90234","title":{"rendered":"Zjarret n\u00eb Gramsh dhe Delvin\u00eb, flasin banor\u00ebt: Po m\u00eb zien zemra, \u00e7&#8217;e dua jet\u00ebn, kam punuar 70 vjet p\u00ebr at\u00eb sht\u00ebpi&#8230;"},"content":{"rendered":"<p>Nj\u00eb e moshuar n\u00eb Delvin\u00eb, ku situata nga zjarret paraqitet akoma kritike k\u00ebrkoi ndihm\u00eb nga shteti. Me lot n\u00eb sy ajo tregon se ka mbetur pa sht\u00ebpi. Edhe pse n\u00eb mosh\u00eb t\u00eb thyer, u mundua q\u00eb t\u00eb shuante flak\u00ebt, por nuk ia doli dot.<\/p>\n<p>\u201cT\u00eb gjitha forcat kan\u00eb qen\u00eb k\u00ebtu. U dogj sht\u00ebpia e stani. Nuk mund t\u00eb them se nuk kan\u00eb qen\u00eb. Me nj\u00eb tub\u00eb uj\u00eb nuk mundemi dot. Sot ku jan\u00eb aeroplan\u00ebt q\u00eb erdh\u00ebn, pse u larguan. A e shove zjarrin? A ke ardhur p\u00ebr t\u00eb ndihmuar, m\u00eb ndihmo. M\u00eb zien zemra, ne e dim\u00eb se si jetojm\u00eb,&#8221;- u shpreh banorja.<\/p>\n<p>Situata nuk \u00ebsht\u00eb m\u00eb e mir\u00eb n\u00eb Gramsh. Edhe atje banor\u00ebt e fshatrave t\u00eb djegura jan\u00eb evakuuar dhe para mediave tregojn\u00eb or\u00ebt e tmerrit q\u00eb kaluan teksa p\u00ebrballeshin me flak\u00ebt dhe zjarrin. Disa prej tyre nuk kan\u00eb mundur q\u00eb t\u00eb shp\u00ebtonin as gj\u00ebn\u00eb e gjall\u00eb. K\u00ebshtu q\u00eb, t\u00eb mbetur n\u00eb qiell t\u00eb hapur k\u00ebrkojn\u00eb ndihm\u00eb nga instancat shtet\u00ebrore.<\/p>\n<p>\u201cJam nga fshati Sk\u00ebnderbegas, mua m\u00eb jan\u00eb djegur 6 kasolle, nj\u00eb nd\u00ebr to \u00ebsht\u00eb nj\u00eb kasolle e deleve q\u00eb kisha 10 kok\u00eb, kisha lop\u00eb me vi\u00e7in q\u00eb priste p\u00ebr t\u00eb pjell\u00eb, dy gomar\u00eb ngarkese, t\u00eb cilat jan\u00eb shkrumbuar t\u00eb gjitha. Banesa nuk \u00ebsht\u00eb djegur por ka r\u00ebn\u00eb nj\u00eb pem\u00eb n\u00eb themel dhe ka rrezik p\u00ebr zjarr edhe aty. Sot k\u00ebrkojm\u00eb ndihm\u00eb nga shteti, t\u00eb na ndihmojn\u00eb. Jemi dy pleq t\u00eb s\u00ebmur\u00eb. Kisha tensionin 20 sot. Un\u00eb t\u00ebrhiqja burrin, burrin mua, hajde t\u00eb ikim i thosha, mos t\u00eb rrim\u00eb m\u00eb k\u00ebtu se na erdhi flaka,\u201d-tha nj\u00eb e moshuar.<\/p>\n<div class=\"teads-inread teads-display-format sm-screen\">\n<div>\n<div class=\"teads-display-absolute\"><\/div>\n<div id=\"teads0\" class=\"teads-player\">Nj\u00eb tjet\u00ebr zonj\u00eb, n\u00ebn\u00eb me f\u00ebmij\u00eb ka t\u00eb nj\u00ebjtin hall me t\u00eb. Ajo tregon se ka mbetur pa sht\u00ebpi dhe e vetmja zgjidhje p\u00ebr t\u00eb tashm\u00eb \u00ebsht\u00eb q\u00eb t\u00eb k\u00ebrkoj\u00eb ndihm\u00ebn e shtetit.<\/div>\n<\/div>\n<\/div>\n<div class=\"insertion-box\">\n<div class=\"\">\n<div id=\"t689c778fab689\" data-p=\"100\">\u201cNe e p\u00ebrjetuam shum\u00eb keq. T\u00eb na ndihmoj\u00eb shteti sepse sht\u00ebpin\u00eb ton\u00eb e kishim me qera dhe nuk e di n\u00ebse \u00ebsht\u00eb djegur apo jo. N\u00eb at\u00eb moment mendova p\u00ebr jet\u00ebn e f\u00ebmij\u00ebve dhe familjen se sht\u00ebpia dhe rregullohet. Zjarri ra n\u00eb moment. Pylli ishte me pisha dhe mori flak\u00eb direkt. M\u00eb pas era i p\u00ebrcillte flak\u00ebt n\u00eb disa an\u00eb. Autoritetet kan\u00eb nd\u00ebrhyr\u00eb me vones\u00eb. Ishte e nevojshme p\u00ebr shum\u00eb uj\u00eb se zjarri ishte vende-vende,\u201d- u shpreh banorja e nj\u00eb prej fshatrave t\u00eb djegura n\u00eb Gramsh.<\/div>\n<\/div>\n<\/div>\n<p>Edhe n\u00eb Nart\u00eb situata po b\u00ebhet po aq kritike!\u00a0Banor\u00ebt po braktisin sht\u00ebpit\u00eb q\u00eb nga momenti n\u00eb moment mund t\u00eb p\u00ebrpihen nga flak\u00ebt q\u00eb po p\u00ebrhapen me shpejt\u00ebsi. Me lot n\u00eb sy, t\u00eb d\u00ebshp\u00ebruar dhe t\u00eb kapur nga paniku, edhe k\u00ebto familje po k\u00ebrkojn\u00eb q\u00eb t\u00eb shp\u00ebtojn\u00eb t\u00eb vetmet pasuri q\u00eb kan\u00eb: gj\u00ebn\u00eb e gjall\u00eb.<\/p>\n<p>\u201cT\u00ebr\u00eb pla\u00e7kat atje i kam l\u00ebn\u00eb. Asgj\u00eb nuk shp\u00ebtuam. Ku t\u00eb iki, un\u00eb do t\u00eb digjem atje brenda. T\u00ebr\u00eb pla\u00e7kat kam l\u00ebn\u00eb aty, si\u00e7 kam punuar 70 vjet, \u00e7\u2019e desha jet\u00ebn time,\u201d-\u00a0u shpreh nj\u00eb banore.<\/p>\n<p>Prej dit\u00ebsh dy vatrat m\u00eb aktive t\u00eb zjarrit ku situata paraqitet e r\u00ebnd\u00eb jan\u00eb Delvina dhe Gramshi. N\u00eb Delvin\u00eb, zjarri \u00ebsht\u00eb p\u00ebrhapur n\u00eb rrethinat e qytetit, teksa nga ajri jan\u00eb aktivizuar 2 helikopter\u00eb. Nd\u00ebrsa n\u00eb Gramsh situata vijon t\u00eb jet\u00eb alarmante.<\/p>\n","protected":false},"excerpt":{"rendered":"<p>Nj\u00eb e moshuar n\u00eb Delvin\u00eb, ku situata nga zjarret paraqitet akoma kritike k\u00ebrkoi ndihm\u00eb nga shteti. Me lot n\u00eb sy ajo tregon se ka mbetur pa sht\u00ebpi. Edhe pse n\u00eb mosh\u00eb t\u00eb thyer, u mundua q\u00eb t\u00eb shuante flak\u00ebt, por nuk ia doli dot. \u201cT\u00eb gjitha forcat kan\u00eb qen\u00eb k\u00ebtu. U dogj sht\u00ebpia e stani. [&hellip;]<\/p>\n","protected":false},"author":5,"featured_media":90236,"comment_status":"closed","ping_status":"closed","sticky":false,"template":"","format":"standard","meta":{"footnotes":""},"categories":[1,6332,29228],"tags":[37581,37580,37582,37579],"class_list":{"0":"post-90234","1":"post","2":"type-post","3":"status-publish","4":"format-standard","5":"has-post-thumbnail","7":"category-aktualitet","8":"category-te-fundit","9":"category-vendi","10":"tag-ce-dua-jeten","11":"tag-flasin-banoret-po-me-zien-zemra","12":"tag-kam-punuar-70-vjet-per-ate-shtepi","13":"tag-zjarret-ne-gramsh-dhe-delvine"},"_links":{"self":[{"href":"https:\/\/jugulajm.net\/index.php?rest_route=\/wp\/v2\/posts\/90234","targetHints":{"allow":["GET"]}}],"collection":[{"href":"https:\/\/jugulajm.net\/index.php?rest_route=\/wp\/v2\/posts"}],"about":[{"href":"https:\/\/jugulajm.net\/index.php?rest_route=\/wp\/v2\/types\/post"}],"author":[{"embeddable":true,"href":"https:\/\/jugulajm.net\/index.php?rest_route=\/wp\/v2\/users\/5"}],"replies":[{"embeddable":true,"href":"https:\/\/jugulajm.net\/index.php?rest_route=%2Fwp%2Fv2%2Fcomments&post=90234"}],"version-history":[{"count":2,"href":"https:\/\/jugulajm.net\/index.php?rest_route=\/wp\/v2\/posts\/90234\/revisions"}],"predecessor-version":[{"id":90238,"href":"https:\/\/jugulajm.net\/index.php?rest_route=\/wp\/v2\/posts\/90234\/revisions\/90238"}],"wp:featuredmedia":[{"embeddable":true,"href":"https:\/\/jugulajm.net\/index.php?rest_route=\/wp\/v2\/media\/90236"}],"wp:attachment":[{"href":"https:\/\/jugulajm.net\/index.php?rest_route=%2Fwp%2Fv2%2Fmedia&parent=90234"}],"wp:term":[{"taxonomy":"category","embeddable":true,"href":"https:\/\/jugulajm.net\/index.php?rest_route=%2Fwp%2Fv2%2Fcategories&post=90234"},{"taxonomy":"post_tag","embeddable":true,"href":"https:\/\/jugulajm.net\/index.php?rest_route=%2Fwp%2Fv2%2Ftags&post=90234"}],"curies":[{"name":"wp","href":"https:\/\/api.w.org\/{rel}","templated":true}]}}