{"id":90225,"date":"2025-08-13T12:11:53","date_gmt":"2025-08-13T10:11:53","guid":{"rendered":"https:\/\/jugulajm.net\/?p=90225"},"modified":"2025-08-13T12:11:53","modified_gmt":"2025-08-13T10:11:53","slug":"rama-mirenjohje-per-zjarrfikesit-denimin-me-te-rende-ndaj-autoreve","status":"publish","type":"post","link":"https:\/\/jugulajm.net\/?p=90225","title":{"rendered":"Rama: Mir\u00ebnjohje p\u00ebr zjarrfik\u00ebsit, d\u00ebnimin m\u00eb t\u00eb r\u00ebnd\u00eb ndaj autor\u00ebve"},"content":{"rendered":"<p>Kryeministri Edi Rama ka reaguar n\u00eb lidhje me situat\u00ebn e zjarreve q\u00eb po p\u00ebrfshijn\u00eb disa zona t\u00eb vendit, duke shprehur falenderimet dhe mir\u00ebnjohjen p\u00ebr t\u00eb gjith\u00eb ata q\u00eb po punojn\u00eb pa u lodhur p\u00ebr t\u00eb p\u00ebrballuar flak\u00ebt dhe p\u00ebr t\u00eb mbrojtur jet\u00ebn e qytetar\u00ebve.<\/p>\n<p>N\u00eb nj\u00eb postim n\u00eb rrjetet sociale, Rama ka theksuar: \u201cFalenderim, respekt, mir\u00ebnjohje me zem\u00ebr p\u00ebr zjarrfik\u00ebsit, forcat e ushtris\u00eb, policin\u00eb, vullnetar\u00ebt dhe banor\u00ebt q\u00eb po p\u00ebrballen me flak\u00ebt, duke rrezikuar jet\u00ebn p\u00ebr t\u00eb mbrojtur njer\u00ebzit, sht\u00ebpit\u00eb dhe natyr\u00ebn ton\u00eb.\u201d<\/p>\n<p>Ai gjithashtu ka theksuar se ata q\u00eb ndezin zjarre q\u00ebllimisht jan\u00eb duke shkat\u00ebrruar pasuri dhe rrezikuar jet\u00ebt e qytetar\u00ebve.<\/p>\n<p>\u201cAta q\u00eb ndezin zjarre q\u00ebllimisht, shkat\u00ebrrojn\u00eb pasurin\u00eb dhe rrezikojn\u00eb jet\u00eb, n\u00eb k\u00ebt\u00eb koh\u00eb t\u00eb v\u00ebshtir\u00eb ngrohjeje globale dhe flak\u00ebsh q\u00eb po sfidojn\u00eb t\u00eb gjitha shtetet e Mesdheut sidomos, duhet t\u00eb marrin d\u00ebnimin m\u00eb t\u00eb r\u00ebnd\u00eb q\u00eb parashikon ligji\u201d, shkruan kryeministri Edi Rama.<\/p>\n","protected":false},"excerpt":{"rendered":"<p>Kryeministri Edi Rama ka reaguar n\u00eb lidhje me situat\u00ebn e zjarreve q\u00eb po p\u00ebrfshijn\u00eb disa zona t\u00eb vendit, duke shprehur falenderimet dhe mir\u00ebnjohjen p\u00ebr t\u00eb gjith\u00eb ata q\u00eb po punojn\u00eb pa u lodhur p\u00ebr t\u00eb p\u00ebrballuar flak\u00ebt dhe p\u00ebr t\u00eb mbrojtur jet\u00ebn e qytetar\u00ebve. N\u00eb nj\u00eb postim n\u00eb rrjetet sociale, Rama ka theksuar: \u201cFalenderim, respekt, [&hellip;]<\/p>\n","protected":false},"author":5,"featured_media":90165,"comment_status":"closed","ping_status":"closed","sticky":false,"template":"","format":"standard","meta":{"footnotes":""},"categories":[6332,29228],"tags":[37575,20432,37574],"class_list":{"0":"post-90225","1":"post","2":"type-post","3":"status-publish","4":"format-standard","5":"has-post-thumbnail","7":"category-te-fundit","8":"category-vendi","9":"tag-denimin-me-te-rende-ndaj-autoreve","10":"tag-edi-rama","11":"tag-rama-mirenjohje-per-zjarrfikesit"},"_links":{"self":[{"href":"https:\/\/jugulajm.net\/index.php?rest_route=\/wp\/v2\/posts\/90225","targetHints":{"allow":["GET"]}}],"collection":[{"href":"https:\/\/jugulajm.net\/index.php?rest_route=\/wp\/v2\/posts"}],"about":[{"href":"https:\/\/jugulajm.net\/index.php?rest_route=\/wp\/v2\/types\/post"}],"author":[{"embeddable":true,"href":"https:\/\/jugulajm.net\/index.php?rest_route=\/wp\/v2\/users\/5"}],"replies":[{"embeddable":true,"href":"https:\/\/jugulajm.net\/index.php?rest_route=%2Fwp%2Fv2%2Fcomments&post=90225"}],"version-history":[{"count":1,"href":"https:\/\/jugulajm.net\/index.php?rest_route=\/wp\/v2\/posts\/90225\/revisions"}],"predecessor-version":[{"id":90226,"href":"https:\/\/jugulajm.net\/index.php?rest_route=\/wp\/v2\/posts\/90225\/revisions\/90226"}],"wp:featuredmedia":[{"embeddable":true,"href":"https:\/\/jugulajm.net\/index.php?rest_route=\/wp\/v2\/media\/90165"}],"wp:attachment":[{"href":"https:\/\/jugulajm.net\/index.php?rest_route=%2Fwp%2Fv2%2Fmedia&parent=90225"}],"wp:term":[{"taxonomy":"category","embeddable":true,"href":"https:\/\/jugulajm.net\/index.php?rest_route=%2Fwp%2Fv2%2Fcategories&post=90225"},{"taxonomy":"post_tag","embeddable":true,"href":"https:\/\/jugulajm.net\/index.php?rest_route=%2Fwp%2Fv2%2Ftags&post=90225"}],"curies":[{"name":"wp","href":"https:\/\/api.w.org\/{rel}","templated":true}]}}