{"id":90207,"date":"2025-08-12T14:28:29","date_gmt":"2025-08-12T12:28:29","guid":{"rendered":"https:\/\/jugulajm.net\/?p=90207"},"modified":"2025-08-12T14:31:50","modified_gmt":"2025-08-12T12:31:50","slug":"video-konfirmohet-viktima-e-pare-nga-zjarret-ne-vend-ja-se-ku","status":"publish","type":"post","link":"https:\/\/jugulajm.net\/?p=90207","title":{"rendered":"Konfirmohet viktima e par\u00eb nga zjarret n\u00eb vend, ja se ku&#8230;"},"content":{"rendered":"<p>\u00cbsht\u00eb konfirmuar viktima e par\u00eb nga zjarret e k\u00ebtij viti n\u00eb Shqip\u00ebri.<\/p>\n<p>B\u00ebhet fjal\u00eb p\u00ebr nj\u00eb t\u00eb moshuar nga fshatrat e Gramshit, ku situata paraqitet alarmante dhe kritike p\u00ebr banor\u00ebt e zon\u00ebs.<\/p>\n<p>N\u00eb fshatrat Kullollas, Blet\u00ebz dhe Menkollar\u00eb t\u00eb Gramshit, zjarri masiv ka p\u00ebrfshir\u00eb edhe banesa, duke shkaktuar d\u00ebme t\u00eb m\u00ebdha materiale.<\/p>\n<p>Burime nga terreni raportojn\u00eb se disa banor\u00eb kan\u00eb mbetur t\u00eb bllokuar, nd\u00ebrsa situata mbetet kritike.<\/p>\n<p>Dyshohet gjithashtu se edhe ekipet q\u00eb jan\u00eb nisur p\u00ebr t\u00eb evakuar banor\u00ebt jan\u00eb bllokuar nga flak\u00ebt.<\/p>\n<p>P\u00ebr shkak t\u00eb tymit t\u00eb dendur, nuk mund t\u00eb afrohen as ambulancat, as zjarrfik\u00ebsit dhe as autoritetet.<\/p>\n<p>Nj\u00eb grua \u00ebsht\u00eb bllokuar n\u00eb ferm\u00eb s\u00eb bashku me dy f\u00ebmij\u00ebt e saj n\u00eb Bul\u00e7ar t\u00eb Gramshit dhe po k\u00ebrkon ndihm\u00ebn e autoriteteve.<\/p>\n<p>N\u00eb fshatin Sos\u00ebm \u00ebsht\u00eb aktivizuar nj\u00eb vat\u00ebr e re pran\u00eb banesave, nd\u00ebrsa raportohet p\u00ebr banor\u00eb t\u00eb l\u00ebnduar q\u00eb nuk kan\u00eb mundur t\u00eb marrin ndihm\u00eb p\u00ebr shkak t\u00eb kushteve t\u00eb r\u00ebnda.<\/p>\n<p>I gjith\u00eb fshati Sk\u00ebnderbegas \u00ebsht\u00eb n\u00eb proces evakuimi, megjith\u00ebse shum\u00eb banor\u00eb, me lot n\u00eb sy p\u00ebr sht\u00ebpit\u00eb q\u00eb po digjen, refuzojn\u00eb t\u00eb largohen.<\/p>\n<p>Autoritetet kan\u00eb b\u00ebr\u00eb thirrje urgjente p\u00ebr banor\u00ebt e Kullollasit, Blet\u00ebs dhe Menkollar\u00ebs q\u00eb t\u00eb largohen menj\u00ebher\u00eb dhe t\u00eb bashk\u00ebpunojn\u00eb p\u00ebr evakuimin e sigurt.<\/p>\n<p>Aktualisht po evakuohet e gjith\u00eb nj\u00ebsia administrative Sk\u00ebnderbegas, nd\u00ebrsa drejt zon\u00ebs jan\u00eb nisur kat\u00ebr helikopter\u00eb.<\/p>\n<p>Forcat zjarrfik\u00ebse dhe emergjencat civile punojn\u00eb pa nd\u00ebrprerje p\u00ebr shuarjen e flak\u00ebve, duke k\u00ebrkuar nd\u00ebrhyrje urgjente nga autoritetet.<\/p>\n<p>Ministri i Brendsh\u00ebm, Ervin Hoxha, \u00ebsht\u00eb nisur drejt Gramshit p\u00ebr t\u00eb monitoruar situat\u00ebn. N\u00eb terren jan\u00eb angazhuar 80 forca t\u00eb Forcave t\u00eb Armatosura s\u00eb bashku me nj\u00ebsit\u00eb vendore, t\u00eb cilat punojn\u00eb p\u00ebr izolimin dhe shuarjen e zjarreve.<\/p>\n<p>Autoritetet apelojn\u00eb p\u00ebr bashk\u00ebpunim maksimal nga banor\u00ebt dhe b\u00ebjn\u00eb t\u00eb ditur se kan\u00eb v\u00ebn\u00eb n\u00eb dispozicion t\u00eb gjitha burimet p\u00ebr menaxhimin e situat\u00ebs emergjente.<\/p>\n<p>Nd\u00ebrkoh\u00eb, Teqeja e Shemberdhenjes \u00ebsht\u00eb shkrumbuar nga flak\u00ebt dhe raportohet se nj\u00eb person dyshohet t\u00eb jet\u00eb bllokuar brenda saj.<\/p>\n<p>Vatra aktive zjarresh jan\u00eb regjistruar n\u00eb fshatra t\u00eb nj\u00ebsis\u00eb Sk\u00ebnderbegas, duke p\u00ebrfshir\u00eb Kullollas, Blet\u00ebz, Sojnik, Mukaj dhe Kukur.<\/p>\n<p>Deri m\u00eb tani, p\u00ebrballja me flak\u00ebt \u00ebsht\u00eb b\u00ebr\u00eb vet\u00ebm me zjarrfik\u00ebset e bashkis\u00eb dhe punonj\u00ebsit vullnetar\u00eb, nd\u00ebrsa nd\u00ebrhyrja e forcave t\u00eb armatosura dhe sh\u00ebrbimeve t\u00eb emergjenc\u00ebs pritet t\u00eb intensifikohet.<\/p>\n","protected":false},"excerpt":{"rendered":"<p>\u00cbsht\u00eb konfirmuar viktima e par\u00eb nga zjarret e k\u00ebtij viti n\u00eb Shqip\u00ebri. B\u00ebhet fjal\u00eb p\u00ebr nj\u00eb t\u00eb moshuar nga fshatrat e Gramshit, ku situata paraqitet alarmante dhe kritike p\u00ebr banor\u00ebt e zon\u00ebs. N\u00eb fshatrat Kullollas, Blet\u00ebz dhe Menkollar\u00eb t\u00eb Gramshit, zjarri masiv ka p\u00ebrfshir\u00eb edhe banesa, duke shkaktuar d\u00ebme t\u00eb m\u00ebdha materiale. Burime nga terreni [&hellip;]<\/p>\n","protected":false},"author":5,"featured_media":81081,"comment_status":"closed","ping_status":"closed","sticky":false,"template":"","format":"standard","meta":{"footnotes":""},"categories":[1,6332,29228],"tags":[20740,37566],"class_list":{"0":"post-90207","1":"post","2":"type-post","3":"status-publish","4":"format-standard","5":"has-post-thumbnail","7":"category-aktualitet","8":"category-te-fundit","9":"category-vendi","10":"tag-ja-se-ku","11":"tag-konfirmohet-viktima-e-pare-nga-zjarret-ne-vend"},"_links":{"self":[{"href":"https:\/\/jugulajm.net\/index.php?rest_route=\/wp\/v2\/posts\/90207","targetHints":{"allow":["GET"]}}],"collection":[{"href":"https:\/\/jugulajm.net\/index.php?rest_route=\/wp\/v2\/posts"}],"about":[{"href":"https:\/\/jugulajm.net\/index.php?rest_route=\/wp\/v2\/types\/post"}],"author":[{"embeddable":true,"href":"https:\/\/jugulajm.net\/index.php?rest_route=\/wp\/v2\/users\/5"}],"replies":[{"embeddable":true,"href":"https:\/\/jugulajm.net\/index.php?rest_route=%2Fwp%2Fv2%2Fcomments&post=90207"}],"version-history":[{"count":4,"href":"https:\/\/jugulajm.net\/index.php?rest_route=\/wp\/v2\/posts\/90207\/revisions"}],"predecessor-version":[{"id":90211,"href":"https:\/\/jugulajm.net\/index.php?rest_route=\/wp\/v2\/posts\/90207\/revisions\/90211"}],"wp:featuredmedia":[{"embeddable":true,"href":"https:\/\/jugulajm.net\/index.php?rest_route=\/wp\/v2\/media\/81081"}],"wp:attachment":[{"href":"https:\/\/jugulajm.net\/index.php?rest_route=%2Fwp%2Fv2%2Fmedia&parent=90207"}],"wp:term":[{"taxonomy":"category","embeddable":true,"href":"https:\/\/jugulajm.net\/index.php?rest_route=%2Fwp%2Fv2%2Fcategories&post=90207"},{"taxonomy":"post_tag","embeddable":true,"href":"https:\/\/jugulajm.net\/index.php?rest_route=%2Fwp%2Fv2%2Ftags&post=90207"}],"curies":[{"name":"wp","href":"https:\/\/api.w.org\/{rel}","templated":true}]}}