{"id":90184,"date":"2025-08-11T19:38:49","date_gmt":"2025-08-11T17:38:49","guid":{"rendered":"https:\/\/jugulajm.net\/?p=90184"},"modified":"2025-08-11T19:38:49","modified_gmt":"2025-08-11T17:38:49","slug":"video-tare-ia-perplas-para-syve-kumbaros-publikon-pamje-nga-ndertimi-ne-piken-e-vockel","status":"publish","type":"post","link":"https:\/\/jugulajm.net\/?p=90184","title":{"rendered":"VIDEO\/ Tare ia p\u00ebrplas para syve Kumbaros, publikon pamje nga nd\u00ebrtimi n\u00eb \u201cpik\u00ebn e vo\u00e7k\u00ebl\u201d"},"content":{"rendered":"<p>Studiuesi Auron Tare, ka ngritur shqet\u00ebsimin p\u00ebr nd\u00ebrtimet pa kriter brenda nj\u00eb pjese t\u00eb zon\u00ebs s\u00eb mbrojtur t\u00eb Parkut Komb\u00ebtar t\u00eb Butrintit.<\/p>\n<p>N\u00eb llogarin\u00eb e tij n\u00eb \u201cFacebook\u201d, Tare, i cili \u00ebsht\u00eb dhe nj\u00eb nd\u00ebr aktivist\u00ebt m\u00eb t\u00eb z\u00ebsh\u00ebm n\u00eb vendin ton\u00eb dhe q\u00eb p\u00ebrpiqet t\u00eb mbroj\u00eb \u00e7do p\u00ebll\u00ebmb\u00eb tok\u00eb shqiptare, ka publikuar pamje nga kantieri i hapur n\u00eb Butrint.<\/p>\n<p>Sipas Tares, kjo zon\u00eb gjat\u00eb viteve 1990 ishte e destinuar p\u00ebr nd\u00ebrtime nga qeveria Berisha 1, por u fut n\u00ebn mbrojtje fal\u00eb p\u00ebrpjekjeve t\u00eb Fondacionit Butrinti dhe asokohe ministres s\u00eb Kultur\u00ebs,\u00a0Arta Dade\u00a0e m\u00eb pas nga Edi Rama si dhe kryeministri i koh\u00ebs\u00a0Fatos Nano\u00a0dhe presidenti,\u00a0Rexhep Mejdani.<\/p>\n<div style=\"width: 202px;\" class=\"wp-video\"><!--[if lt IE 9]><script>document.createElement('video');<\/script><![endif]-->\n<video class=\"wp-video-shortcode\" id=\"video-90184-1\" width=\"202\" height=\"360\" preload=\"metadata\" controls=\"controls\"><source type=\"video\/mp4\" src=\"https:\/\/jugulajm.net\/wp-content\/uploads\/2025\/08\/68973a30f1024.mp4?_=1\" \/><a href=\"https:\/\/jugulajm.net\/wp-content\/uploads\/2025\/08\/68973a30f1024.mp4\">https:\/\/jugulajm.net\/wp-content\/uploads\/2025\/08\/68973a30f1024.mp4<\/a><\/video><\/div>\n<p>Ky vendi at\u00ebhere u cil\u00ebsua si nj\u00eb nga arritjet m\u00eb t\u00eb r\u00ebnd\u00ebsishme t\u00eb Partis\u00eb Socialiste pas vitit 1997, por mesa duket vitet e fundit ky vendim \u00ebsht\u00eb sfumuar.<\/p>\n<p>\u201cPamjet e sotme flasin vet\u00eb,\u201d shprehet Tare, duke ironizuar k\u00ebshtu se n\u00ebn drejtimin e ministres Mirela Kumbaro dhe bashk\u00ebpun\u00ebtor\u00ebve t\u00eb saj, kjo zon\u00eb \u00ebsht\u00eb duke u \u201cp\u00ebrdhosur\u201d nga betoni.<\/p>\n<p>Pamjet e publikuara tregojn\u00eb nj\u00eb kantier nd\u00ebrtimi me skela, betoniere dhe pun\u00ebtor\u00eb, nd\u00ebrsa \u00ebsht\u00eb duke u nd\u00ebrtuar nj\u00eb kompleks i madh pran\u00eb vij\u00ebs bregdetare, n\u00eb nj\u00eb zon\u00eb q\u00eb historikisht ka pasur status t\u00eb mbrojtur.<\/p>\n<p>\u201c<em>Kjo \u00ebsht\u00eb pamja sot e nj\u00eb pjes\u00eb t\u00eb zon\u00ebs s\u00eb mbrojtur t\u00eb Parkut Komb\u00ebtar t\u00eb Butrintit.\u00a0 Gjat\u00eb viteve 90 e destinuar p\u00ebr nd\u00ebrtime nga Qeveria Berisha 1, u fut n\u00eb mbrojtje fal\u00eb p\u00ebrpjekjeve t\u00eb Fondacionit Butrinti dhe Ministres s\u00eb Kultur\u00ebs Arta Dade e m\u00eb pas Edi Rama, si dhe KM Fatos Nano dhe Presidenti Mejdani. Ishte nje nga veprat e m\u00ebdha t\u00eb Partis\u00eb Socialiste t\u00eb post 97s\u00eb.\u00a0Sot fal\u00eb pun\u00ebs t\u00eb p\u00ebrkusht\u00ebsuese t\u00eb Ministres Kumbaro &amp;Co pamjet flasin vet\u00eb<\/em>\u201d, shkruan Tare.<\/p>\n","protected":false},"excerpt":{"rendered":"<p>Studiuesi Auron Tare, ka ngritur shqet\u00ebsimin p\u00ebr nd\u00ebrtimet pa kriter brenda nj\u00eb pjese t\u00eb zon\u00ebs s\u00eb mbrojtur t\u00eb Parkut Komb\u00ebtar t\u00eb Butrintit. N\u00eb llogarin\u00eb e tij n\u00eb \u201cFacebook\u201d, Tare, i cili \u00ebsht\u00eb dhe nj\u00eb nd\u00ebr aktivist\u00ebt m\u00eb t\u00eb z\u00ebsh\u00ebm n\u00eb vendin ton\u00eb dhe q\u00eb p\u00ebrpiqet t\u00eb mbroj\u00eb \u00e7do p\u00ebll\u00ebmb\u00eb tok\u00eb shqiptare, ka publikuar pamje nga [&hellip;]<\/p>\n","protected":false},"author":5,"featured_media":90186,"comment_status":"closed","ping_status":"closed","sticky":false,"template":"","format":"standard","meta":{"footnotes":""},"categories":[34865,6332,6333,29228],"tags":[12533,37556,37555],"class_list":{"0":"post-90184","1":"post","2":"type-post","3":"status-publish","4":"format-standard","5":"has-post-thumbnail","7":"category-analiza","8":"category-te-fundit","9":"category-turizem","10":"category-vendi","11":"tag-auron-tare","12":"tag-publikon-pamje-nga-ndertimi-ne-piken-e-vockel","13":"tag-video-tare-ia-perplas-para-syve-kumbaros"},"_links":{"self":[{"href":"https:\/\/jugulajm.net\/index.php?rest_route=\/wp\/v2\/posts\/90184","targetHints":{"allow":["GET"]}}],"collection":[{"href":"https:\/\/jugulajm.net\/index.php?rest_route=\/wp\/v2\/posts"}],"about":[{"href":"https:\/\/jugulajm.net\/index.php?rest_route=\/wp\/v2\/types\/post"}],"author":[{"embeddable":true,"href":"https:\/\/jugulajm.net\/index.php?rest_route=\/wp\/v2\/users\/5"}],"replies":[{"embeddable":true,"href":"https:\/\/jugulajm.net\/index.php?rest_route=%2Fwp%2Fv2%2Fcomments&post=90184"}],"version-history":[{"count":1,"href":"https:\/\/jugulajm.net\/index.php?rest_route=\/wp\/v2\/posts\/90184\/revisions"}],"predecessor-version":[{"id":90187,"href":"https:\/\/jugulajm.net\/index.php?rest_route=\/wp\/v2\/posts\/90184\/revisions\/90187"}],"wp:featuredmedia":[{"embeddable":true,"href":"https:\/\/jugulajm.net\/index.php?rest_route=\/wp\/v2\/media\/90186"}],"wp:attachment":[{"href":"https:\/\/jugulajm.net\/index.php?rest_route=%2Fwp%2Fv2%2Fmedia&parent=90184"}],"wp:term":[{"taxonomy":"category","embeddable":true,"href":"https:\/\/jugulajm.net\/index.php?rest_route=%2Fwp%2Fv2%2Fcategories&post=90184"},{"taxonomy":"post_tag","embeddable":true,"href":"https:\/\/jugulajm.net\/index.php?rest_route=%2Fwp%2Fv2%2Ftags&post=90184"}],"curies":[{"name":"wp","href":"https:\/\/api.w.org\/{rel}","templated":true}]}}