{"id":90181,"date":"2025-08-11T18:50:59","date_gmt":"2025-08-11T16:50:59","guid":{"rendered":"https:\/\/jugulajm.net\/?p=90181"},"modified":"2025-08-11T18:50:59","modified_gmt":"2025-08-11T16:50:59","slug":"media-mes-pushtetit-dhe-tregut-fatkeqesisht-nje-bilanc-i-hidhur","status":"publish","type":"post","link":"https:\/\/jugulajm.net\/?p=90181","title":{"rendered":"Media mes pushtetit dhe tregut, fatkeq\u00ebsisht nj\u00eb bilanc i hidhur"},"content":{"rendered":"<p><strong>Nga Fejzo Subashi<\/strong><\/p>\n<p>Ndoshta nuk kemi as qasjen, as sjelljen m\u00eb t\u00eb mir\u00eb t\u00eb mundshme t\u00eb medias dhe pushtetit mediatik. Historia, sidomos ajo e medias vizive dhe print, ka treguar se edhe pushteti i medias nuk \u00ebsht\u00eb i p\u00ebrjetsh\u00ebm dhe se nj\u00eb dit\u00eb ai vjen p\u00ebrball\u00eb kostos s\u00eb vet. Kjo sidomos kur e ideon\u00eb, precepton dhe me objektiv q\u00eb rolin e tij ta vendos\u00ebsh n\u00eb sh\u00ebrbim t\u00eb pushtetit ekzekutiv. E aq m\u00eb keq, duam apo nuk dum, por kur pranojm\u00eb se kemi nj\u00eb klas\u00eb politike q\u00eb jo vet\u00ebm nuk e respekton pushtetin e medias, por e posht\u00ebron dhe e abuzon, ashtu si\u00e7 shp\u00ebrdoron \u00e7do mund\u00ebsi e \u00e7do hap\u00ebsir\u00eb t\u00eb pushtetit ekzekutiv.<br \/>\nAbsoluyisht q\u00eb n\u00eb k\u00ebt\u00eb histori, p\u00ebrgjegj\u00ebsia nuk \u00ebsht\u00eb vet\u00ebm e politik\u00ebs. N\u00eb k\u00ebto kushte q\u00eb p\u00ebrjetojm\u00eb jo vet\u00ebm ne pjestar\u00ebt e medias, nj\u00eb pjes\u00eb jo e vog\u00ebl e fajit i takon edhe vet\u00eb medias dhe pronar\u00ebve t\u00eb saj. N\u00eb vend q\u00eb t\u00eb nd\u00ebrtonim media n\u00eb funksion t\u00eb misionit t\u00eb tyre: informimit, transparenc\u00ebs dhe kontrollit t\u00eb pushtetit, shum\u00eb her\u00eb nd\u00ebrtuam media nga njer\u00ebz q\u00eb e pan\u00eb at\u00eb thjesht si mjet p\u00ebr t\u00eb rritur bizneset e tyre private. Sot nuk kuptohet m\u00eb n\u00ebse nj\u00eb licenc\u00eb p\u00ebr media merret p\u00ebr t\u00eb b\u00ebr\u00eb gazetari apo p\u00ebr t\u00eb nd\u00ebrtuar pallate, grada\u00e7ela, resorte e monopole, me sens t\u00eb \u00e7do mund\u00ebsie tjet\u00ebr, por jo p\u00ebr gazetari.<br \/>\nKy \u201cprogres\u201d dhe regres mediatik nj\u00ebkoh\u00ebsisht nuk dihet kujt i ka p\u00eblqyer m\u00eb shum\u00eb: klas\u00ebs politike apo pron\u00ebsis\u00eb mediatike. Po dihet mir\u00eb kush ka humbur m\u00eb shum\u00eb: Ai \u00ebsht\u00eb qytetari shqiptar, i cili ka humbur nga t\u00eb dy an\u00ebt e medaljes: sepse nuk ka as media t\u00eb lira dhe t\u00eb pavarura, as nj\u00eb klas\u00eb politike q\u00eb meriton dhe q\u00eb respekton k\u00ebto vlera.<br \/>\nMediat shqiptare kan\u00eb humbur jo vet\u00ebm rolin dhe q\u00ebllimin e tyre, por edhe dinjitetin. Pronar\u00ebt e tyre kan\u00eb humbur prestigjin, personalitetin dhe qytetarin\u00eb. Shum\u00eb prej tyre, edhe nga k\u00ebndv\u00ebshtrimi i biznesit, jan\u00eb m\u00eb keq se kur filluan. Politika ua dha me nj\u00eb dor\u00eb, por ua mori me dy. Sot, pushteti ekzekutiv dhe klasa politike, her\u00eb e majta, her\u00eb e djathta, i kan\u00eb n\u00ebn kontroll dhe i p\u00ebrdorin si t\u00eb duan.<br \/>\nRezultati? Kemi media dhe nuk kemi media. M\u00eb e keqja: nuk kemi media t\u00eb lira. Edhe n\u00ebse ekziston nj\u00eb z\u00eb i lir\u00eb, n\u00eb k\u00ebt\u00eb realitet ai nuk d\u00ebgjohet. Nuk \u00ebsht\u00eb se nuk e ndjejm\u00eb dhimbjen p\u00ebr d\u00ebmet q\u00eb p\u00ebson nj\u00eb biznes mediatik nga nj\u00eb vendim qeverie apo nga presioni politik, por shqet\u00ebsimi yn\u00eb duhet t\u00eb jet\u00eb mbi frym\u00ebn dhe thelbin e ekzistenc\u00ebs s\u00eb medias: si nj\u00eb institucion i pavarur, q\u00eb i sh\u00ebrben publikut, jo si nj\u00eb instrument biznesi apo veg\u00ebl politike.<br \/>\nNe q\u00eb kemi qen\u00eb dhe jemi pjes\u00eb e k\u00ebsaj armate, t\u00eb quajtur pushtet mediatik, sot shpesh ndihemi keq, madje edhe pishman p\u00ebr zgjedhjen e k\u00ebtij profesioni. Por koha p\u00ebr reagim ka ardhur. Jo p\u00ebr t\u00eb mbrojtur pasurin\u00eb e pronarit t\u00eb nj\u00eb media, jo thjesht p\u00ebr t\u00eb solidarizuar me koleg\u00ebt q\u00eb kan\u00eb sakrifikuar jet\u00ebn e tyre n\u00eb k\u00ebt\u00eb profesion, por p\u00ebr t\u00eb mbrojtur at\u00eb q\u00eb \u00ebsht\u00eb themeli i gjith\u00eb k\u00ebsaj: lirin\u00eb dhe pavar\u00ebsin\u00eb e medias shqiptare.<br \/>\nTiran\u00eb m\u00eb 11.08.2025.<\/p>\n","protected":false},"excerpt":{"rendered":"<p>Nga Fejzo Subashi Ndoshta nuk kemi as qasjen, as sjelljen m\u00eb t\u00eb mir\u00eb t\u00eb mundshme t\u00eb medias dhe pushtetit mediatik. Historia, sidomos ajo e medias vizive dhe print, ka treguar se edhe pushteti i medias nuk \u00ebsht\u00eb i p\u00ebrjetsh\u00ebm dhe se nj\u00eb dit\u00eb ai vjen p\u00ebrball\u00eb kostos s\u00eb vet. Kjo sidomos kur e ideon\u00eb, precepton [&hellip;]<\/p>\n","protected":false},"author":5,"featured_media":87273,"comment_status":"closed","ping_status":"closed","sticky":false,"template":"","format":"standard","meta":{"footnotes":""},"categories":[34865,6332],"tags":[37554,36132,37553],"class_list":{"0":"post-90181","1":"post","2":"type-post","3":"status-publish","4":"format-standard","5":"has-post-thumbnail","7":"category-analiza","8":"category-te-fundit","9":"tag-fatkeqesisht-nje-bilanc-i-hidhur","10":"tag-fejzo-subashi","11":"tag-media-mes-pushtetit-dhe-tregut"},"_links":{"self":[{"href":"https:\/\/jugulajm.net\/index.php?rest_route=\/wp\/v2\/posts\/90181","targetHints":{"allow":["GET"]}}],"collection":[{"href":"https:\/\/jugulajm.net\/index.php?rest_route=\/wp\/v2\/posts"}],"about":[{"href":"https:\/\/jugulajm.net\/index.php?rest_route=\/wp\/v2\/types\/post"}],"author":[{"embeddable":true,"href":"https:\/\/jugulajm.net\/index.php?rest_route=\/wp\/v2\/users\/5"}],"replies":[{"embeddable":true,"href":"https:\/\/jugulajm.net\/index.php?rest_route=%2Fwp%2Fv2%2Fcomments&post=90181"}],"version-history":[{"count":1,"href":"https:\/\/jugulajm.net\/index.php?rest_route=\/wp\/v2\/posts\/90181\/revisions"}],"predecessor-version":[{"id":90182,"href":"https:\/\/jugulajm.net\/index.php?rest_route=\/wp\/v2\/posts\/90181\/revisions\/90182"}],"wp:featuredmedia":[{"embeddable":true,"href":"https:\/\/jugulajm.net\/index.php?rest_route=\/wp\/v2\/media\/87273"}],"wp:attachment":[{"href":"https:\/\/jugulajm.net\/index.php?rest_route=%2Fwp%2Fv2%2Fmedia&parent=90181"}],"wp:term":[{"taxonomy":"category","embeddable":true,"href":"https:\/\/jugulajm.net\/index.php?rest_route=%2Fwp%2Fv2%2Fcategories&post=90181"},{"taxonomy":"post_tag","embeddable":true,"href":"https:\/\/jugulajm.net\/index.php?rest_route=%2Fwp%2Fv2%2Ftags&post=90181"}],"curies":[{"name":"wp","href":"https:\/\/api.w.org\/{rel}","templated":true}]}}