{"id":90164,"date":"2025-08-11T11:36:21","date_gmt":"2025-08-11T09:36:21","guid":{"rendered":"https:\/\/jugulajm.net\/?p=90164"},"modified":"2025-08-11T11:36:21","modified_gmt":"2025-08-11T09:36:21","slug":"reagon-rama-zjarrvenien-do-ta-barazojme-me-vrasjen-ne-kodin-penal","status":"publish","type":"post","link":"https:\/\/jugulajm.net\/?p=90164","title":{"rendered":"Reagon Rama: Zjarrv\u00ebnien do ta barazojm\u00eb me vrasjen n\u00eb Kodin Penal&#8230;"},"content":{"rendered":"<div class=\"entry-content no-share\">\n<div class=\"content-inner \">\n<p>Prej disa jav\u00ebsh Shqip\u00ebria vijon betej\u00ebn me vatrat e zjarreve, shumica e t\u00eb cilave jan\u00eb t\u00eb q\u00ebllimshme.<\/p>\n<div class=\"jeg_ad jeg_ad_article jnews_content_inline_ads  \">\n<div class=\"ads-wrapper align-center \">\n<div class=\"ads_code\">Kryeministri Edi Rama ka publikuar nj\u00eb video n\u00eb rrjetet sociale ku shihet nj\u00eb person i cili \u00ebsht\u00eb duke ndezur zjarr.<\/div>\n<\/div>\n<\/div>\n<p>Teksa publikon pamjet e kapura nga dron\u00ebt e Forcave Ajrore, Rama thot\u00eb se\u00a0<em>\u201ct\u00eb ndez\u00ebsh nj\u00eb zjarr me q\u00ebllim, nuk \u00ebsht\u00eb vet\u00ebm krim, por \u00ebsht\u00eb tradhti ndaj tok\u00ebs son\u00eb dhe t\u00eb ardhmes s\u00eb f\u00ebmij\u00ebve tan\u00eb.\u201d<\/em><\/p>\n<div class=\"jeg_ad jeg_ad_article jnews_content_inline_2_ads  \">\n<div class=\"ads-wrapper align-center \">\n<div class=\"ads_code\">M\u00eb tej, kryeministri shkruan;<em>\u00a0\u201cNd\u00ebrkoh\u00eb, n\u00eb k\u00ebt\u00eb koh\u00eb t\u00eb v\u00ebshtir\u00eb ngrohjeje globale dhe flak\u00ebsh q\u00eb po sfidojn\u00eb t\u00eb gjitha shtetet e Mesdheut sidomos, zjarrv\u00ebnien do t\u00eb duhet ta barazojm\u00eb me vrasjen n\u00eb Kodin Penal.\u201d<\/em><\/div>\n<\/div>\n<\/div>\n<p><strong>Postimi i kryeministrit Rama<\/strong><\/p>\n<p>T\u00eb ndez\u00ebsh nj\u00eb zjarr me q\u00ebllim, nuk \u00ebsht\u00eb vet\u00ebm krim, por \u00ebsht\u00eb tradhti ndaj tok\u00ebs son\u00eb dhe t\u00eb ardhmes s\u00eb f\u00ebmij\u00ebve tan\u00eb. Ja dhe pamjet e nj\u00eb zjarrv\u00ebnieje t\u00eb q\u00ebllimshme t\u00eb evidentuar sot nga dron\u00ebt e Forc\u00ebs Ajrore. Policia e Shtetit \u00ebsht\u00eb n\u00eb terren p\u00ebr t\u00eb \u00e7uar p\u00ebrpara drejt\u00ebsis\u00eb k\u00ebdo q\u00eb luan me flak\u00ebt mbi pasurin\u00eb e p\u00ebrbashk\u00ebt. Nd\u00ebrkoh\u00eb, n\u00eb k\u00ebt\u00eb koh\u00eb t\u00eb v\u00ebshtir\u00eb ngrohjeje globale dhe flak\u00ebsh q\u00eb po sfidojn\u00eb t\u00eb gjitha shtetet e Mesdheut sidomos, zjarrv\u00ebnien do t\u00eb duhet ta barazojm\u00eb me vrasjen n\u00eb Kodin Penal. K\u00ebto jan\u00eb pamjet e dronit Bajraktar ku dyshohet p\u00ebr zjarrv\u00ebnie t\u00eb q\u00ebllimshme.<\/p>\n<p><iframe loading=\"lazy\" src=\"https:\/\/www.facebook.com\/plugins\/video.php?height=365&amp;href=https%3A%2F%2Fwww.facebook.com%2Fediramaal%2Fvideos%2F1452529729163178%2F&amp;show_text=false&amp;width=560&amp;t=0\" width=\"560\" height=\"365\" frameborder=\"0\" scrolling=\"no\" allowfullscreen=\"allowfullscreen\" data-mce-fragment=\"1\"><\/iframe><\/p>\n<\/div>\n<\/div>\n","protected":false},"excerpt":{"rendered":"<p>Prej disa jav\u00ebsh Shqip\u00ebria vijon betej\u00ebn me vatrat e zjarreve, shumica e t\u00eb cilave jan\u00eb t\u00eb q\u00ebllimshme. Kryeministri Edi Rama ka publikuar nj\u00eb video n\u00eb rrjetet sociale ku shihet nj\u00eb person i cili \u00ebsht\u00eb duke ndezur zjarr. Teksa publikon pamjet e kapura nga dron\u00ebt e Forcave Ajrore, Rama thot\u00eb se\u00a0\u201ct\u00eb ndez\u00ebsh nj\u00eb zjarr me q\u00ebllim, [&hellip;]<\/p>\n","protected":false},"author":5,"featured_media":90165,"comment_status":"closed","ping_status":"closed","sticky":false,"template":"","format":"standard","meta":{"footnotes":""},"categories":[1,6332,29228],"tags":[37546],"class_list":{"0":"post-90164","1":"post","2":"type-post","3":"status-publish","4":"format-standard","5":"has-post-thumbnail","7":"category-aktualitet","8":"category-te-fundit","9":"category-vendi","10":"tag-reagon-rama-zjarrvenien-do-ta-barazojme-me-vrasjen-ne-kodin-penal"},"_links":{"self":[{"href":"https:\/\/jugulajm.net\/index.php?rest_route=\/wp\/v2\/posts\/90164","targetHints":{"allow":["GET"]}}],"collection":[{"href":"https:\/\/jugulajm.net\/index.php?rest_route=\/wp\/v2\/posts"}],"about":[{"href":"https:\/\/jugulajm.net\/index.php?rest_route=\/wp\/v2\/types\/post"}],"author":[{"embeddable":true,"href":"https:\/\/jugulajm.net\/index.php?rest_route=\/wp\/v2\/users\/5"}],"replies":[{"embeddable":true,"href":"https:\/\/jugulajm.net\/index.php?rest_route=%2Fwp%2Fv2%2Fcomments&post=90164"}],"version-history":[{"count":1,"href":"https:\/\/jugulajm.net\/index.php?rest_route=\/wp\/v2\/posts\/90164\/revisions"}],"predecessor-version":[{"id":90166,"href":"https:\/\/jugulajm.net\/index.php?rest_route=\/wp\/v2\/posts\/90164\/revisions\/90166"}],"wp:featuredmedia":[{"embeddable":true,"href":"https:\/\/jugulajm.net\/index.php?rest_route=\/wp\/v2\/media\/90165"}],"wp:attachment":[{"href":"https:\/\/jugulajm.net\/index.php?rest_route=%2Fwp%2Fv2%2Fmedia&parent=90164"}],"wp:term":[{"taxonomy":"category","embeddable":true,"href":"https:\/\/jugulajm.net\/index.php?rest_route=%2Fwp%2Fv2%2Fcategories&post=90164"},{"taxonomy":"post_tag","embeddable":true,"href":"https:\/\/jugulajm.net\/index.php?rest_route=%2Fwp%2Fv2%2Ftags&post=90164"}],"curies":[{"name":"wp","href":"https:\/\/api.w.org\/{rel}","templated":true}]}}