{"id":90147,"date":"2025-08-10T18:49:51","date_gmt":"2025-08-10T16:49:51","guid":{"rendered":"https:\/\/jugulajm.net\/?p=90147"},"modified":"2025-08-10T18:49:51","modified_gmt":"2025-08-10T16:49:51","slug":"foto-drejtori-proda-i-akordon-certifikate-karriere-janaq-zarkes-per-41-vite-ne-polici","status":"publish","type":"post","link":"https:\/\/jugulajm.net\/?p=90147","title":{"rendered":"FOTO\/ Drejtori Proda i akordon \u201cCertifikat\u00eb Karriere\u201d Janaq Zark\u00ebs, p\u00ebr 41 vite n\u00eb Polici"},"content":{"rendered":"<p>N\u00eb ambientet e Drejtoris\u00eb Vendore t\u00eb Policis\u00eb Vlor\u00eb u zhvillua ceremonia e daljes n\u00eb pension t\u00eb Kryekomisar Janaq Zarka, nj\u00eb prej figurave m\u00eb t\u00eb respektuara dhe me kontribute t\u00eb \u00e7muara n\u00eb strukturat e Policis\u00eb s\u00eb Shtetit.<\/p>\n<p>Pas 41 viteve sh\u00ebrbim, me nj\u00eb karrier\u00eb q\u00eb ka p\u00ebrfshir\u00eb sektor\u00eb t\u00eb r\u00ebnd\u00ebsish\u00ebm si Policia Shkencore, Hetimi i Krimit dhe p\u00ebr shum\u00eb vite Sektori i Qarkullimit Rrugor, Kryekomisar Zarka p\u00ebrmbylli me dinjitet nj\u00eb rrug\u00ebtim t\u00eb gjat\u00eb, duke l\u00ebn\u00eb pas nj\u00eb trash\u00ebgimi t\u00eb \u00e7muar profesionalizmi, ndershm\u00ebrie dhe p\u00ebrkushtimi.<\/p>\n<p>P\u00ebr k\u00ebt\u00eb kontribut, Drejtori i P\u00ebrgjithsh\u00ebm i Policis\u00eb s\u00eb Shtetit, Drejtues Madhor Ilir Proda i dor\u00ebzoi Certifikat\u00ebn e Karrier\u00ebs, si vler\u00ebsim simbolik p\u00ebr dekada sh\u00ebrbimi shembullor.<\/p>\n<p>N\u00eb fjal\u00ebn e tij p\u00ebrsh\u00ebndet\u00ebse, Drejtor Proda u shpreh:<\/p>\n<p>\u201c41 vite sh\u00ebrbim jan\u00eb nj\u00eb jet\u00eb e t\u00ebr\u00eb e dh\u00ebn\u00eb me ndershm\u00ebri, p\u00ebrgjegjshm\u00ebri dhe profesionaliz\u00ebm. Prania e kaq shum\u00eb koleg\u00ebve, familjar\u00ebve dhe miqve sot n\u00eb k\u00ebt\u00eb sall\u00eb \u00ebsht\u00eb d\u00ebshmi se Kryekomisar Janaqi nuk ka nd\u00ebrtuar vet\u00ebm nj\u00eb karrier\u00eb, por nj\u00eb trash\u00ebgimi vlerash q\u00eb do t\u00eb kujtohet. Jam i sigurt se ai do t\u00eb ishte gati t\u00eb sh\u00ebrbente edhe 41 vite t\u00eb tjera, por ky \u00ebsht\u00eb cikli i jet\u00ebs. R\u00ebnd\u00ebsi ka q\u00eb ta p\u00ebrmbyll\u00ebsh me nder, ashtu si\u00e7 po b\u00ebn ti sot. Si Drejtor i P\u00ebrgjithsh\u00ebm, e konsideroj nj\u00eb nder t\u00eb ve\u00e7ant\u00eb t\u2019i dor\u00ebzoj k\u00ebt\u00eb certifikat\u00eb, e cila \u00ebsht\u00eb vet\u00ebm nj\u00eb pik\u00eb uji n\u00eb detin e kontributeve q\u00eb ke dh\u00ebn\u00eb p\u00ebr Policin\u00eb e Shtetit.\u201d<\/p>\n<p>Nd\u00ebrsa Drejtori i DVP Vlor\u00eb, Drejtues Elidon \u00c7ela, n\u00eb fjal\u00ebn e tij tha:<\/p>\n<p>\u201cKryekomisar Janaq Zarka \u00ebsht\u00eb nj\u00eb nga figurat q\u00eb ka l\u00ebn\u00eb gjurm\u00eb t\u00eb pashlyeshme n\u00eb Policin\u00eb e Vlor\u00ebs. I qet\u00eb, profesionist dhe i p\u00ebrkushtuar, ai ka qen\u00eb p\u00ebr shum\u00eb prej nesh nj\u00eb shembull n\u00eb \u00e7do aspekt, n\u00eb sjellje, n\u00eb m\u00ebnyr\u00ebn si e ka trajtuar detyr\u00ebn, por mbi t\u00eb gjitha n\u00eb dinjitetin me t\u00eb cilin e ka p\u00ebrfaq\u00ebsuar uniform\u00ebn blu.\u201d<\/p>\n<p>N\u00eb p\u00ebrsh\u00ebndetjen e tij, Kryekomisar Zarka fal\u00ebnderoi drejtuesit dhe koleg\u00ebt p\u00ebr vler\u00ebsimin dhe theksoi se:<\/p>\n<p>\u201cPolicia ka qen\u00eb jo vet\u00ebm vendi im i pun\u00ebs, por edhe familja ime e dyt\u00eb. Jam krenar p\u00ebr gjith\u00e7ka kam dh\u00ebn\u00eb, dhe m\u00eb shum\u00eb p\u00ebr at\u00eb q\u00eb kam m\u00ebsuar gjat\u00eb k\u00ebtij rrug\u00ebtimi.\u201d<\/p>\n<p>Policia e Shtetit i uron sh\u00ebndet dhe mbar\u00ebsi n\u00eb k\u00ebt\u00eb kapitull t\u00eb ri t\u00eb jet\u00ebs dhe e fal\u00ebnderon p\u00ebr shembullin dhe kontributin e vyer q\u00eb l\u00eb pas.<\/p>\n<div id=\"tdi_2\" class=\"td-gallery td-slide-on-2-columns\">\n<div class=\"post_td_gallery\">\n<div class=\"td-doubleSlider-1 \">\n<div class=\"td-slider\">\n<div class=\"td-slide-item td-item1\">\n<figure class=\"td-slide-galery-figure td-slide-popup-gallery\"><a class=\"slide-gallery-image-link\" title=\"b1\" href=\"https:\/\/ata.gov.al\/wp-content\/uploads\/2025\/08\/b1.jpg\" data-caption=\"\" data-description=\"\"><img decoding=\"async\" class=\"i-amphtml-fill-content i-amphtml-replaced-content\" src=\"https:\/\/ata.gov.al\/wp-content\/uploads\/2025\/08\/b1-560x420.jpg\" sizes=\"(max-width: 560px) 100vw, 560px\" srcset=\"https:\/\/ata.gov.al\/wp-content\/uploads\/2025\/08\/b1-560x420.jpg 560w, https:\/\/ata.gov.al\/wp-content\/uploads\/2025\/08\/b1-300x225.jpg 300w, https:\/\/ata.gov.al\/wp-content\/uploads\/2025\/08\/b1-768x576.jpg 768w, https:\/\/ata.gov.al\/wp-content\/uploads\/2025\/08\/b1-696x522.jpg 696w, https:\/\/ata.gov.al\/wp-content\/uploads\/2025\/08\/b1-1068x801.jpg 1068w, https:\/\/ata.gov.al\/wp-content\/uploads\/2025\/08\/b1-80x60.jpg 80w, https:\/\/ata.gov.al\/wp-content\/uploads\/2025\/08\/b1-265x198.jpg 265w, https:\/\/ata.gov.al\/wp-content\/uploads\/2025\/08\/b1.jpg 1024w\" alt=\"\" \/><\/a><\/figure>\n<\/div>\n<div class=\"td-slide-item td-item2\">\n<figure class=\"td-slide-galery-figure td-slide-popup-gallery\"><a class=\"slide-gallery-image-link\" title=\"b2\" href=\"https:\/\/ata.gov.al\/wp-content\/uploads\/2025\/08\/b2.jpg\" data-caption=\"\" data-description=\"\"><img decoding=\"async\" class=\"i-amphtml-fill-content i-amphtml-replaced-content\" src=\"https:\/\/ata.gov.al\/wp-content\/uploads\/2025\/08\/b2-747x420.jpg\" sizes=\"(max-width: 747px) 100vw, 747px\" srcset=\"https:\/\/ata.gov.al\/wp-content\/uploads\/2025\/08\/b2-747x420.jpg 747w, https:\/\/ata.gov.al\/wp-content\/uploads\/2025\/08\/b2-300x169.jpg 300w, https:\/\/ata.gov.al\/wp-content\/uploads\/2025\/08\/b2-768x432.jpg 768w, https:\/\/ata.gov.al\/wp-content\/uploads\/2025\/08\/b2-696x392.jpg 696w, https:\/\/ata.gov.al\/wp-content\/uploads\/2025\/08\/b2-1068x601.jpg 1068w, https:\/\/ata.gov.al\/wp-content\/uploads\/2025\/08\/b2.jpg 1024w\" alt=\"\" \/><\/a><\/figure>\n<\/div>\n<div class=\"td-slide-item td-item3\">\n<figure class=\"td-slide-galery-figure td-slide-popup-gallery\"><a class=\"slide-gallery-image-link\" title=\"b3\" href=\"https:\/\/ata.gov.al\/wp-content\/uploads\/2025\/08\/b3.jpg\" data-caption=\"\" data-description=\"\"><img decoding=\"async\" class=\"i-amphtml-fill-content i-amphtml-replaced-content\" src=\"https:\/\/ata.gov.al\/wp-content\/uploads\/2025\/08\/b3-560x420.jpg\" sizes=\"(max-width: 560px) 100vw, 560px\" srcset=\"https:\/\/ata.gov.al\/wp-content\/uploads\/2025\/08\/b3-560x420.jpg 560w, https:\/\/ata.gov.al\/wp-content\/uploads\/2025\/08\/b3-300x225.jpg 300w, https:\/\/ata.gov.al\/wp-content\/uploads\/2025\/08\/b3-768x576.jpg 768w, https:\/\/ata.gov.al\/wp-content\/uploads\/2025\/08\/b3-696x522.jpg 696w, https:\/\/ata.gov.al\/wp-content\/uploads\/2025\/08\/b3-1068x801.jpg 1068w, https:\/\/ata.gov.al\/wp-content\/uploads\/2025\/08\/b3-80x60.jpg 80w, https:\/\/ata.gov.al\/wp-content\/uploads\/2025\/08\/b3-265x198.jpg 265w, https:\/\/ata.gov.al\/wp-content\/uploads\/2025\/08\/b3.jpg 1024w\" alt=\"\" \/><\/a><\/figure>\n<\/div>\n<div class=\"td-slide-item td-item4\">\n<figure class=\"td-slide-galery-figure td-slide-popup-gallery\"><a class=\"slide-gallery-image-link\" title=\"b4\" href=\"https:\/\/ata.gov.al\/wp-content\/uploads\/2025\/08\/b4.jpg\" data-caption=\"\" data-description=\"\"><img decoding=\"async\" class=\"i-amphtml-fill-content i-amphtml-replaced-content\" src=\"https:\/\/ata.gov.al\/wp-content\/uploads\/2025\/08\/b4-560x420.jpg\" sizes=\"(max-width: 560px) 100vw, 560px\" srcset=\"https:\/\/ata.gov.al\/wp-content\/uploads\/2025\/08\/b4-560x420.jpg 560w, https:\/\/ata.gov.al\/wp-content\/uploads\/2025\/08\/b4-300x225.jpg 300w, https:\/\/ata.gov.al\/wp-content\/uploads\/2025\/08\/b4-768x576.jpg 768w, https:\/\/ata.gov.al\/wp-content\/uploads\/2025\/08\/b4-696x522.jpg 696w, https:\/\/ata.gov.al\/wp-content\/uploads\/2025\/08\/b4-1068x801.jpg 1068w, https:\/\/ata.gov.al\/wp-content\/uploads\/2025\/08\/b4-80x60.jpg 80w, https:\/\/ata.gov.al\/wp-content\/uploads\/2025\/08\/b4-265x198.jpg 265w, https:\/\/ata.gov.al\/wp-content\/uploads\/2025\/08\/b4.jpg 1024w\" alt=\"\" \/><\/a><\/figure>\n<\/div>\n<div class=\"td-slide-item td-item5\">\n<figure class=\"td-slide-galery-figure td-slide-popup-gallery\"><a class=\"slide-gallery-image-link\" title=\"b5\" href=\"https:\/\/ata.gov.al\/wp-content\/uploads\/2025\/08\/b5.jpg\" data-caption=\"\" data-description=\"\"><img decoding=\"async\" class=\"i-amphtml-fill-content i-amphtml-replaced-content\" src=\"https:\/\/ata.gov.al\/wp-content\/uploads\/2025\/08\/b5-560x420.jpg\" sizes=\"(max-width: 560px) 100vw, 560px\" srcset=\"https:\/\/ata.gov.al\/wp-content\/uploads\/2025\/08\/b5-560x420.jpg 560w, https:\/\/ata.gov.al\/wp-content\/uploads\/2025\/08\/b5-300x225.jpg 300w, https:\/\/ata.gov.al\/wp-content\/uploads\/2025\/08\/b5-768x576.jpg 768w, https:\/\/ata.gov.al\/wp-content\/uploads\/2025\/08\/b5-696x522.jpg 696w, https:\/\/ata.gov.al\/wp-content\/uploads\/2025\/08\/b5-1068x801.jpg 1068w, https:\/\/ata.gov.al\/wp-content\/uploads\/2025\/08\/b5-80x60.jpg 80w, https:\/\/ata.gov.al\/wp-content\/uploads\/2025\/08\/b5-265x198.jpg 265w, https:\/\/ata.gov.al\/wp-content\/uploads\/2025\/08\/b5.jpg 1024w\" alt=\"\" \/><\/a><\/figure>\n<\/div>\n<\/div>\n<\/div>\n<\/div>\n<\/div>\n","protected":false},"excerpt":{"rendered":"<p>N\u00eb ambientet e Drejtoris\u00eb Vendore t\u00eb Policis\u00eb Vlor\u00eb u zhvillua ceremonia e daljes n\u00eb pension t\u00eb Kryekomisar Janaq Zarka, nj\u00eb prej figurave m\u00eb t\u00eb respektuara dhe me kontribute t\u00eb \u00e7muara n\u00eb strukturat e Policis\u00eb s\u00eb Shtetit. Pas 41 viteve sh\u00ebrbim, me nj\u00eb karrier\u00eb q\u00eb ka p\u00ebrfshir\u00eb sektor\u00eb t\u00eb r\u00ebnd\u00ebsish\u00ebm si Policia Shkencore, Hetimi i Krimit [&hellip;]<\/p>\n","protected":false},"author":5,"featured_media":90148,"comment_status":"closed","ping_status":"closed","sticky":false,"template":"","format":"standard","meta":{"footnotes":""},"categories":[1,6332],"tags":[37537,37538],"class_list":{"0":"post-90147","1":"post","2":"type-post","3":"status-publish","4":"format-standard","5":"has-post-thumbnail","7":"category-aktualitet","8":"category-te-fundit","9":"tag-foto-drejtori-proda-i-akordon-certifikate-karriere-janaq-zarkes","10":"tag-me-41-vite-ne-polici"},"_links":{"self":[{"href":"https:\/\/jugulajm.net\/index.php?rest_route=\/wp\/v2\/posts\/90147","targetHints":{"allow":["GET"]}}],"collection":[{"href":"https:\/\/jugulajm.net\/index.php?rest_route=\/wp\/v2\/posts"}],"about":[{"href":"https:\/\/jugulajm.net\/index.php?rest_route=\/wp\/v2\/types\/post"}],"author":[{"embeddable":true,"href":"https:\/\/jugulajm.net\/index.php?rest_route=\/wp\/v2\/users\/5"}],"replies":[{"embeddable":true,"href":"https:\/\/jugulajm.net\/index.php?rest_route=%2Fwp%2Fv2%2Fcomments&post=90147"}],"version-history":[{"count":1,"href":"https:\/\/jugulajm.net\/index.php?rest_route=\/wp\/v2\/posts\/90147\/revisions"}],"predecessor-version":[{"id":90149,"href":"https:\/\/jugulajm.net\/index.php?rest_route=\/wp\/v2\/posts\/90147\/revisions\/90149"}],"wp:featuredmedia":[{"embeddable":true,"href":"https:\/\/jugulajm.net\/index.php?rest_route=\/wp\/v2\/media\/90148"}],"wp:attachment":[{"href":"https:\/\/jugulajm.net\/index.php?rest_route=%2Fwp%2Fv2%2Fmedia&parent=90147"}],"wp:term":[{"taxonomy":"category","embeddable":true,"href":"https:\/\/jugulajm.net\/index.php?rest_route=%2Fwp%2Fv2%2Fcategories&post=90147"},{"taxonomy":"post_tag","embeddable":true,"href":"https:\/\/jugulajm.net\/index.php?rest_route=%2Fwp%2Fv2%2Ftags&post=90147"}],"curies":[{"name":"wp","href":"https:\/\/api.w.org\/{rel}","templated":true}]}}