{"id":90137,"date":"2025-08-10T14:57:49","date_gmt":"2025-08-10T12:57:49","guid":{"rendered":"https:\/\/jugulajm.net\/?p=90137"},"modified":"2025-08-10T14:57:49","modified_gmt":"2025-08-10T12:57:49","slug":"2-te-vrare-dhe-2-te-plagosur-me-arme-zjarri-autori-ne-arrati","status":"publish","type":"post","link":"https:\/\/jugulajm.net\/?p=90137","title":{"rendered":"2 t\u00eb vrar\u00eb dhe 2 t\u00eb plagosur me arm\u00eb zjarri, autori n\u00eb arrati&#8230;"},"content":{"rendered":"<p>Dy persona jan\u00eb vrar\u00eb dhe dy jan\u00eb plagosur dit\u00ebn e sotme n\u00eb pas disa t\u00eb sht\u00ebnave me arm\u00eb zjarri n\u00eb Gjilan t\u00eb Kosov\u00ebs.<\/p>\n<p>Autori i dyshuari p\u00ebr ngjarjen \u00ebsht\u00eb n\u00eb arrati, por \u00ebsht\u00eb identifikuar nga policia, b\u00ebjn\u00eb me dije mediat n\u00eb Kosov\u00eb.<\/p>\n<p>Z\u00ebdh\u00ebn\u00ebsi i policis\u00eb rajonale p\u00ebr Gjilanin, Ismet Hashani, ka konfirmuar p\u00ebr KosovaPress se rasti i r\u00ebnd\u00eb ka ndodhur sot rreth or\u00ebs 12:32 n\u00eb rrug\u00ebn \u201cIbrahim Rugova\u201d.<\/p>\n<p>\u201cN\u00eb k\u00ebt\u00eb rast mjeku ka konstatuar vdekjen e dy personave. Dyshohet se edhe dy persona t\u00eb tjer\u00eb jan\u00eb plagosur dhe u \u00ebsht\u00eb ofruar ndihm\u00eb n\u00eb qendr\u00ebn emergjente n\u00eb Gjilan\u201d, ka th\u00ebn\u00eb Hashani.<\/p>\n","protected":false},"excerpt":{"rendered":"<p>Dy persona jan\u00eb vrar\u00eb dhe dy jan\u00eb plagosur dit\u00ebn e sotme n\u00eb pas disa t\u00eb sht\u00ebnave me arm\u00eb zjarri n\u00eb Gjilan t\u00eb Kosov\u00ebs. Autori i dyshuari p\u00ebr ngjarjen \u00ebsht\u00eb n\u00eb arrati, por \u00ebsht\u00eb identifikuar nga policia, b\u00ebjn\u00eb me dije mediat n\u00eb Kosov\u00eb. Z\u00ebdh\u00ebn\u00ebsi i policis\u00eb rajonale p\u00ebr Gjilanin, Ismet Hashani, ka konfirmuar p\u00ebr KosovaPress se [&hellip;]<\/p>\n","protected":false},"author":5,"featured_media":68996,"comment_status":"closed","ping_status":"closed","sticky":false,"template":"","format":"standard","meta":{"footnotes":""},"categories":[1,27451,6332],"tags":[37532,37533],"class_list":{"0":"post-90137","1":"post","2":"type-post","3":"status-publish","4":"format-standard","5":"has-post-thumbnail","7":"category-aktualitet","8":"category-kosova","9":"category-te-fundit","10":"tag-2-te-vrare-dhe-2-te-plagosur-me-arme-zjarri","11":"tag-autori-ne-arrati"},"_links":{"self":[{"href":"https:\/\/jugulajm.net\/index.php?rest_route=\/wp\/v2\/posts\/90137","targetHints":{"allow":["GET"]}}],"collection":[{"href":"https:\/\/jugulajm.net\/index.php?rest_route=\/wp\/v2\/posts"}],"about":[{"href":"https:\/\/jugulajm.net\/index.php?rest_route=\/wp\/v2\/types\/post"}],"author":[{"embeddable":true,"href":"https:\/\/jugulajm.net\/index.php?rest_route=\/wp\/v2\/users\/5"}],"replies":[{"embeddable":true,"href":"https:\/\/jugulajm.net\/index.php?rest_route=%2Fwp%2Fv2%2Fcomments&post=90137"}],"version-history":[{"count":1,"href":"https:\/\/jugulajm.net\/index.php?rest_route=\/wp\/v2\/posts\/90137\/revisions"}],"predecessor-version":[{"id":90138,"href":"https:\/\/jugulajm.net\/index.php?rest_route=\/wp\/v2\/posts\/90137\/revisions\/90138"}],"wp:featuredmedia":[{"embeddable":true,"href":"https:\/\/jugulajm.net\/index.php?rest_route=\/wp\/v2\/media\/68996"}],"wp:attachment":[{"href":"https:\/\/jugulajm.net\/index.php?rest_route=%2Fwp%2Fv2%2Fmedia&parent=90137"}],"wp:term":[{"taxonomy":"category","embeddable":true,"href":"https:\/\/jugulajm.net\/index.php?rest_route=%2Fwp%2Fv2%2Fcategories&post=90137"},{"taxonomy":"post_tag","embeddable":true,"href":"https:\/\/jugulajm.net\/index.php?rest_route=%2Fwp%2Fv2%2Ftags&post=90137"}],"curies":[{"name":"wp","href":"https:\/\/api.w.org\/{rel}","templated":true}]}}