{"id":90125,"date":"2025-08-10T12:43:59","date_gmt":"2025-08-10T10:43:59","guid":{"rendered":"https:\/\/jugulajm.net\/?p=90125"},"modified":"2025-08-10T12:45:40","modified_gmt":"2025-08-10T10:45:40","slug":"lirimi-i-hapesirave-publike-rama-edhe-shteti-ka-pergjegjesi-ndaj","status":"publish","type":"post","link":"https:\/\/jugulajm.net\/?p=90125","title":{"rendered":"Lirimi i hap\u00ebsirave publike, Rama: Edhe shteti ka p\u00ebrgjegj\u00ebsit\u00eb e veta, \u00ebsht\u00eb vet\u00ebm fillimi&#8230;"},"content":{"rendered":"<div class=\"xdj266r x14z9mp xat24cr x1lziwak x1vvkbs x126k92a\">\n<div dir=\"auto\">Kryeministri Edi Rama ka folur sot n\u00eb rrjetet sociale edhe nj\u00ebher\u00eb p\u00ebr aksionin e nisur prej jav\u00ebsh tashm\u00eb p\u00ebr lirimin e hap\u00ebsirave publike n\u00eb t\u00eb gjith\u00eb vendin.<\/div>\n<div dir=\"auto\"><\/div>\n<\/div>\n<div class=\"x14z9mp xat24cr x1lziwak x1vvkbs xtlvy1s x126k92a\">\n<div dir=\"auto\">Teksa pranon se edhe shteti ka pasur p\u00ebrgjegj\u00ebsin\u00eb e tij p\u00ebr situat\u00ebn e krijuar, kreu i qeveris\u00eb shtoi se kjo \u00ebsht\u00eb vet\u00ebm faza e par\u00eb e nj\u00eb programi q\u00eb do t\u00eb sjell\u00eb hap\u00ebsira publike cil\u00ebsore dhe evropiane.<\/div>\n<div dir=\"auto\"><\/div>\n<\/div>\n<div class=\"x14z9mp xat24cr x1lziwak x1vvkbs xtlvy1s x126k92a\">\n<div dir=\"auto\">\u201cKthimi n\u00eb gjendjen e m\u00ebparshme po realizohet, pasi pjesa d\u00ebrrmuese e nd\u00ebrhyrjes b\u00ebhet n\u00eb objekte t\u00eb \u00e7montueshme. Aty ku ka llac e tulla e beton do t\u00eb duhet m\u00eb shum\u00eb pun\u00eb, por nuk ka aq shum\u00eb, k\u00ebshtu q\u00eb do t\u00eb ecim me shpejt\u00ebsi.<\/div>\n<div dir=\"auto\">Kjo \u00ebsht\u00eb vet\u00ebm faza e para e nj\u00eb programi t\u00eb ri t\u00eb Rilindjes Urbane. Do t\u00eb krijojm\u00eb cil\u00ebsi, do t\u00eb k\u00ebrkoj\u00eb koh\u00eb, por do t\u00eb rikthejm\u00eb hap\u00ebsira publike cil\u00ebsore.<\/div>\n<\/div>\n<div class=\"x14z9mp xat24cr x1lziwak x1vvkbs xtlvy1s x126k92a\">\n<div dir=\"auto\">Shteti ka p\u00ebrgjegj\u00ebsit\u00eb e veta, ne jemi nj\u00eb shtet nd\u00ebrtim dhe do t\u00eb jemi nj\u00eb shtet i nd\u00ebrtuar kur t\u00eb hyjm\u00eb n\u00eb BE. P\u00ebr asnj\u00eb rast p\u00ebrgjegj\u00ebsia e shtetit amniston shkel\u00ebsit e ligjit. Nuk mund t\u00eb thuash q\u00eb \u201cpo hedh beton dhe po s\u2019m\u00eb kapet s\u2019ke \u00e7far\u00eb m\u00eb b\u00ebn\u201d, tha kryeministri Rama.<\/div>\n<\/div>\n","protected":false},"excerpt":{"rendered":"<p>Kryeministri Edi Rama ka folur sot n\u00eb rrjetet sociale edhe nj\u00ebher\u00eb p\u00ebr aksionin e nisur prej jav\u00ebsh tashm\u00eb p\u00ebr lirimin e hap\u00ebsirave publike n\u00eb t\u00eb gjith\u00eb vendin. Teksa pranon se edhe shteti ka pasur p\u00ebrgjegj\u00ebsin\u00eb e tij p\u00ebr situat\u00ebn e krijuar, kreu i qeveris\u00eb shtoi se kjo \u00ebsht\u00eb vet\u00ebm faza e par\u00eb e nj\u00eb programi [&hellip;]<\/p>\n","protected":false},"author":5,"featured_media":89840,"comment_status":"closed","ping_status":"closed","sticky":false,"template":"","format":"standard","meta":{"footnotes":""},"categories":[6332,29228],"tags":[37046,23585,37529],"class_list":{"0":"post-90125","1":"post","2":"type-post","3":"status-publish","4":"format-standard","5":"has-post-thumbnail","7":"category-te-fundit","8":"category-vendi","9":"tag-lirimi-i-hapesirave-publike","10":"tag-ndaj","11":"tag-rama-edhe-shteti-ka-pergjegjesi"},"_links":{"self":[{"href":"https:\/\/jugulajm.net\/index.php?rest_route=\/wp\/v2\/posts\/90125","targetHints":{"allow":["GET"]}}],"collection":[{"href":"https:\/\/jugulajm.net\/index.php?rest_route=\/wp\/v2\/posts"}],"about":[{"href":"https:\/\/jugulajm.net\/index.php?rest_route=\/wp\/v2\/types\/post"}],"author":[{"embeddable":true,"href":"https:\/\/jugulajm.net\/index.php?rest_route=\/wp\/v2\/users\/5"}],"replies":[{"embeddable":true,"href":"https:\/\/jugulajm.net\/index.php?rest_route=%2Fwp%2Fv2%2Fcomments&post=90125"}],"version-history":[{"count":3,"href":"https:\/\/jugulajm.net\/index.php?rest_route=\/wp\/v2\/posts\/90125\/revisions"}],"predecessor-version":[{"id":90128,"href":"https:\/\/jugulajm.net\/index.php?rest_route=\/wp\/v2\/posts\/90125\/revisions\/90128"}],"wp:featuredmedia":[{"embeddable":true,"href":"https:\/\/jugulajm.net\/index.php?rest_route=\/wp\/v2\/media\/89840"}],"wp:attachment":[{"href":"https:\/\/jugulajm.net\/index.php?rest_route=%2Fwp%2Fv2%2Fmedia&parent=90125"}],"wp:term":[{"taxonomy":"category","embeddable":true,"href":"https:\/\/jugulajm.net\/index.php?rest_route=%2Fwp%2Fv2%2Fcategories&post=90125"},{"taxonomy":"post_tag","embeddable":true,"href":"https:\/\/jugulajm.net\/index.php?rest_route=%2Fwp%2Fv2%2Ftags&post=90125"}],"curies":[{"name":"wp","href":"https:\/\/api.w.org\/{rel}","templated":true}]}}