{"id":90118,"date":"2025-08-10T09:19:42","date_gmt":"2025-08-10T07:19:42","guid":{"rendered":"https:\/\/jugulajm.net\/?p=90118"},"modified":"2025-08-10T10:15:24","modified_gmt":"2025-08-10T08:15:24","slug":"video-nami-ne-permet-ne-festivalin-e-gjysheve-njesite-akomoduese-te-prenotuara-100","status":"publish","type":"post","link":"https:\/\/jugulajm.net\/?p=90118","title":{"rendered":"VIDEO\/Nami n\u00eb P\u00ebrmet n\u00eb &#8220;Festivalin e Gjysheve&#8221;, nj\u00ebsit\u00eb akomoduese t\u00eb prenotuara 100%"},"content":{"rendered":"<p>Festivali \u201cNona\u201d apo si\u00e7 e quajn\u00eb ndryshe &#8220;Festa e Gjysheve&#8221;, ka mbledhur n\u00eb P\u00ebrmet, dhjet\u00ebra gjyshe nga e gjith\u00eb Shqip\u00ebria t\u00eb cilat kan\u00eb shpalosur vlerat e tyre kulturore, familjare e tradicionale p\u00ebrfshir\u00eb edhe arm\u00ebn m\u00eb t\u00eb fort\u00eb si\u00e7 \u00ebsht\u00eb kulinaria.<\/p>\n<p>Mbr\u00ebmjen e djeshme ka qen\u00eb nata e dyt\u00eb e k\u00ebtij festivali ku p\u00ebr her\u00eb t\u00eb par\u00eb ka marr\u00eb pjes\u00eb gjyshe nga Kosova dhe disa gjyshe nga Vlora. Ajo \u00e7ka ka r\u00ebn\u00eb n\u00eb sy ka qen\u00eb num\u00ebr rekord vizitor\u00ebve vendas apo t\u00eb huaj dhe ku sipas statistikave nga Bashkia P\u00ebrmet, n\u00eb tre dit\u00ebt e fundit, t\u00eb gjitha nj\u00ebsit\u00eb akomoduese n\u00eb qytet dhe jasht\u00eb tij, kan\u00eb qen\u00eb t\u00eb prenotuara.<\/p>\n<p>Sipas t\u00eb dh\u00ebnave nga organizator\u00ebt apo dhe Zyra e Turizmit n\u00eb P\u00ebrmet, n\u00eb dit\u00ebt e &#8220;Festivalit t\u00eb Gjysheve&#8221;, P\u00ebrmeti \u00ebsht\u00eb populluar nga mbi 20 mij\u00eb turist\u00eb. Shif\u00ebr rekord \u00e7ka p\u00ebrkthehet me shtimin e t\u00eb ardhurave n\u00eb k\u00ebt\u00eb qytet t\u00eb bukur buz\u00eb Vjos\u00ebs.<\/p>\n<p>Atmosfera si\u00e7 duket edhe nga pamjet, ka qen\u00eb e jasht\u00ebzakonshme. Rrug\u00ebt dhe qendra e qytetit ka qen\u00eb e mbushur plot e p\u00ebrplot me turist\u00eb aq sa duhej t\u00eb rezervoje or\u00eb m\u00eb par\u00eb nj\u00eb tryez\u00eb p\u00ebr t\u00eb shijuar nj\u00eb kafe, apo ndonj\u00eb gatim tradicional n\u00eb pjes\u00ebn m\u00eb t\u00eb dukshme t\u00eb qytetit. Nd\u00ebrsa gjyshet e gjith\u00eb Shqip\u00ebris\u00eb, kan\u00eb shpalosur at\u00eb q\u00eb din\u00eb m\u00eb mir\u00eb-tradit\u00ebn e kulinaris\u00eb dhe produkteve artizanale.<\/p>\n<p>Organizator\u00ebt e &#8220;Fest\u00ebs s\u00eb Gjysheve&#8221;, shprehen se q\u00ebllimi i k\u00ebtij aktiviteti tre ditor, ve\u00e7 t\u00eb tjerave, ishte rigjall\u00ebrimi i zonave t\u00eb tjera t\u00eb Shqip\u00ebris\u00eb ve\u00e7 Tiran\u00ebs q\u00eb \u00ebsht\u00eb metropoli i vendit.<\/p>\n<p>Sipas organizatorit t\u00eb k\u00ebtij eventi Bledi Mane, ky aktivitet n\u00eb vet\u00ebm tre dit\u00eb, ka mbledhur mij\u00ebra turist\u00eb vendas dhe t\u00eb huaj p\u00ebr t\u00eb shijuar gatimet tradicionale t\u00eb gjysheve shqiptare si dhe punimeve artizanale. Sipas Manes ky festival \u00ebsht\u00eb unikal n\u00eb llojin e vet\u00eb n\u00eb Europ\u00eb nd\u00ebrkoh\u00eb q\u00eb nuk fsheh ambiciet q\u00eb &#8220;NONA&#8221; t\u00eb shnd\u00ebrrohet n\u00eb festivalin e gjysheve europiane por q\u00eb p\u00ebr t\u00eb arritur k\u00ebt\u00eb synim, nevojiten fonde.<\/p>\n<p>Ky \u00ebsht\u00eb dhe edicioni i 5-t\u00eb i Festivalit &#8220;NONA&#8221; q\u00eb organizohet p\u00ebrvit n\u00eb P\u00ebrmet.<\/p>\n","protected":false},"excerpt":{"rendered":"<p>Festivali \u201cNona\u201d apo si\u00e7 e quajn\u00eb ndryshe &#8220;Festa e Gjysheve&#8221;, ka mbledhur n\u00eb P\u00ebrmet, dhjet\u00ebra gjyshe nga e gjith\u00eb Shqip\u00ebria t\u00eb cilat kan\u00eb shpalosur vlerat e tyre kulturore, familjare e tradicionale p\u00ebrfshir\u00eb edhe arm\u00ebn m\u00eb t\u00eb fort\u00eb si\u00e7 \u00ebsht\u00eb kulinaria. Mbr\u00ebmjen e djeshme ka qen\u00eb nata e dyt\u00eb e k\u00ebtij festivali ku p\u00ebr her\u00eb t\u00eb [&hellip;]<\/p>\n","protected":false},"author":5,"featured_media":90120,"comment_status":"closed","ping_status":"closed","sticky":false,"template":"","format":"video","meta":{"footnotes":""},"categories":[6332,6333,29228,26832],"tags":[37526,21454],"class_list":{"0":"post-90118","1":"post","2":"type-post","3":"status-publish","4":"format-video","5":"has-post-thumbnail","7":"category-te-fundit","8":"category-turizem","9":"category-vendi","10":"category-video","11":"tag-festivali-i-gjysheve","12":"tag-permet","13":"post_format-post-format-video"},"_links":{"self":[{"href":"https:\/\/jugulajm.net\/index.php?rest_route=\/wp\/v2\/posts\/90118","targetHints":{"allow":["GET"]}}],"collection":[{"href":"https:\/\/jugulajm.net\/index.php?rest_route=\/wp\/v2\/posts"}],"about":[{"href":"https:\/\/jugulajm.net\/index.php?rest_route=\/wp\/v2\/types\/post"}],"author":[{"embeddable":true,"href":"https:\/\/jugulajm.net\/index.php?rest_route=\/wp\/v2\/users\/5"}],"replies":[{"embeddable":true,"href":"https:\/\/jugulajm.net\/index.php?rest_route=%2Fwp%2Fv2%2Fcomments&post=90118"}],"version-history":[{"count":2,"href":"https:\/\/jugulajm.net\/index.php?rest_route=\/wp\/v2\/posts\/90118\/revisions"}],"predecessor-version":[{"id":90122,"href":"https:\/\/jugulajm.net\/index.php?rest_route=\/wp\/v2\/posts\/90118\/revisions\/90122"}],"wp:featuredmedia":[{"embeddable":true,"href":"https:\/\/jugulajm.net\/index.php?rest_route=\/wp\/v2\/media\/90120"}],"wp:attachment":[{"href":"https:\/\/jugulajm.net\/index.php?rest_route=%2Fwp%2Fv2%2Fmedia&parent=90118"}],"wp:term":[{"taxonomy":"category","embeddable":true,"href":"https:\/\/jugulajm.net\/index.php?rest_route=%2Fwp%2Fv2%2Fcategories&post=90118"},{"taxonomy":"post_tag","embeddable":true,"href":"https:\/\/jugulajm.net\/index.php?rest_route=%2Fwp%2Fv2%2Ftags&post=90118"}],"curies":[{"name":"wp","href":"https:\/\/api.w.org\/{rel}","templated":true}]}}