{"id":90101,"date":"2025-08-09T19:35:34","date_gmt":"2025-08-09T17:35:34","guid":{"rendered":"https:\/\/jugulajm.net\/?p=90101"},"modified":"2025-08-09T19:41:31","modified_gmt":"2025-08-09T17:41:31","slug":"video-rama-spo-ndeshkohen-vetem-pronaret-e-vegjel-por-edhe-shkelesit-e-medhenj","status":"publish","type":"post","link":"https:\/\/jugulajm.net\/?p=90101","title":{"rendered":"VIDEO-Shembja e pallatit\/ Rama: S&#8217;po nd\u00ebshkohen vet\u00ebm pronar\u00ebt e vegj\u00ebl, por edhe shkel\u00ebsit e m\u00ebdhenj"},"content":{"rendered":"<p>Kryeministri Edi Rama deklaroi sot se nuk po nd\u00ebshkohen vet\u00ebm pronar\u00ebt e vegj\u00ebl t\u00eb subjekteve apo godinave pa leje, por edhe shkel\u00ebsit e m\u00ebdhenj.<\/p>\n<p>N\u00eb kuad\u00ebr t\u00eb aksionit p\u00ebr lirimin e hap\u00ebsirave publike dhe shembjen e nd\u00ebrtimeve pa leje, kreu i qeveris\u00eb publikoi n\u00eb Facebook pamje nga operacioni i IKMT-s\u00eb n\u00eb Vlor\u00eb, duke shtuar nj\u00eb sqarim \u201cp\u00ebr ata q\u00eb kan\u00eb merakun e gabuar se nuk po nd\u00ebshkohen shkel\u00ebsit e m\u00ebdhenj\u201d.<\/p>\n<p>Ai theksoi se godina n\u00eb pamje nuk ishte as e para dhe nuk do t\u00eb jet\u00eb as e fundit q\u00eb rr\u00ebzohet p\u00ebr shkelje ligjore, nd\u00ebrsa proceset e sekuestrimit dhe shembjes po zhvillohen jo vet\u00ebm n\u00eb Vlor\u00eb, por n\u00eb t\u00eb gjith\u00eb vendin.<\/p>\n<p>Rama paralajm\u00ebroi gjithashtu se paketa e re e masave do t\u00eb prek\u00eb jo vet\u00ebm ata q\u00eb kryejn\u00eb shkeljet, por edhe ata q\u00eb \u201cmbyllin syt\u00eb p\u00ebrpara shkel\u00ebsve\u201d.<\/p>\n<div style=\"width: 358px;\" class=\"wp-video\"><!--[if lt IE 9]><script>document.createElement('video');<\/script><![endif]-->\n<video class=\"wp-video-shortcode\" id=\"video-90101-1\" width=\"358\" height=\"508\" preload=\"metadata\" controls=\"controls\"><source type=\"video\/mp4\" src=\"https:\/\/jugulajm.net\/wp-content\/uploads\/2025\/08\/AQNC_5sZ_z85CqwG0tizEjbhLeFFBfyFDy2bRfuookh5yGth7EyAhHn0zi8LhTXNDKtAjIU8eqXglju0lWjU-ekXt7251o5Ds9vSiU29Ag.mp4?_=1\" \/><a href=\"https:\/\/jugulajm.net\/wp-content\/uploads\/2025\/08\/AQNC_5sZ_z85CqwG0tizEjbhLeFFBfyFDy2bRfuookh5yGth7EyAhHn0zi8LhTXNDKtAjIU8eqXglju0lWjU-ekXt7251o5Ds9vSiU29Ag.mp4\">https:\/\/jugulajm.net\/wp-content\/uploads\/2025\/08\/AQNC_5sZ_z85CqwG0tizEjbhLeFFBfyFDy2bRfuookh5yGth7EyAhHn0zi8LhTXNDKtAjIU8eqXglju0lWjU-ekXt7251o5Ds9vSiU29Ag.mp4<\/a><\/video><\/div>\n","protected":false},"excerpt":{"rendered":"<p>Kryeministri Edi Rama deklaroi sot se nuk po nd\u00ebshkohen vet\u00ebm pronar\u00ebt e vegj\u00ebl t\u00eb subjekteve apo godinave pa leje, por edhe shkel\u00ebsit e m\u00ebdhenj. N\u00eb kuad\u00ebr t\u00eb aksionit p\u00ebr lirimin e hap\u00ebsirave publike dhe shembjen e nd\u00ebrtimeve pa leje, kreu i qeveris\u00eb publikoi n\u00eb Facebook pamje nga operacioni i IKMT-s\u00eb n\u00eb Vlor\u00eb, duke shtuar nj\u00eb [&hellip;]<\/p>\n","protected":false},"author":5,"featured_media":90104,"comment_status":"closed","ping_status":"closed","sticky":false,"template":"","format":"standard","meta":{"footnotes":""},"categories":[1,6332],"tags":[37519,37518],"class_list":{"0":"post-90101","1":"post","2":"type-post","3":"status-publish","4":"format-standard","5":"has-post-thumbnail","7":"category-aktualitet","8":"category-te-fundit","9":"tag-por-edhe-shkelesit-e-medhenj","10":"tag-video-rama-spo-ndeshkohen-vetem-pronaret-e-vegjel"},"_links":{"self":[{"href":"https:\/\/jugulajm.net\/index.php?rest_route=\/wp\/v2\/posts\/90101","targetHints":{"allow":["GET"]}}],"collection":[{"href":"https:\/\/jugulajm.net\/index.php?rest_route=\/wp\/v2\/posts"}],"about":[{"href":"https:\/\/jugulajm.net\/index.php?rest_route=\/wp\/v2\/types\/post"}],"author":[{"embeddable":true,"href":"https:\/\/jugulajm.net\/index.php?rest_route=\/wp\/v2\/users\/5"}],"replies":[{"embeddable":true,"href":"https:\/\/jugulajm.net\/index.php?rest_route=%2Fwp%2Fv2%2Fcomments&post=90101"}],"version-history":[{"count":3,"href":"https:\/\/jugulajm.net\/index.php?rest_route=\/wp\/v2\/posts\/90101\/revisions"}],"predecessor-version":[{"id":90106,"href":"https:\/\/jugulajm.net\/index.php?rest_route=\/wp\/v2\/posts\/90101\/revisions\/90106"}],"wp:featuredmedia":[{"embeddable":true,"href":"https:\/\/jugulajm.net\/index.php?rest_route=\/wp\/v2\/media\/90104"}],"wp:attachment":[{"href":"https:\/\/jugulajm.net\/index.php?rest_route=%2Fwp%2Fv2%2Fmedia&parent=90101"}],"wp:term":[{"taxonomy":"category","embeddable":true,"href":"https:\/\/jugulajm.net\/index.php?rest_route=%2Fwp%2Fv2%2Fcategories&post=90101"},{"taxonomy":"post_tag","embeddable":true,"href":"https:\/\/jugulajm.net\/index.php?rest_route=%2Fwp%2Fv2%2Ftags&post=90101"}],"curies":[{"name":"wp","href":"https:\/\/api.w.org\/{rel}","templated":true}]}}