{"id":90053,"date":"2025-08-08T13:29:16","date_gmt":"2025-08-08T11:29:16","guid":{"rendered":"https:\/\/jugulajm.net\/?p=90053"},"modified":"2025-08-08T13:29:16","modified_gmt":"2025-08-08T11:29:16","slug":"protesta-ne-kosove-jo-per-emra-por-per-vlera","status":"publish","type":"post","link":"https:\/\/jugulajm.net\/?p=90053","title":{"rendered":"Protesta n\u00eb Kosov\u00eb, jo p\u00ebr emra, por p\u00ebr vlera!"},"content":{"rendered":"<p><strong>Nga Fejzo Subashi<\/strong><\/p>\n<p>Protesta n\u00eb Kosov\u00eb \u00ebsht\u00eb k\u00ebrkesa dhe k\u00ebmb\u00ebngulja, e nj\u00eb populli t\u00eb t\u00ebr\u00eb n\u00eb t\u00eb kat\u00ebr an\u00ebt e Bot\u00ebs kudo q\u00eb ndodhet,\u00a0 q\u00eb k\u00ebrkon t\u00eb mos harroj\u00eb\u00a0 Ajo q\u00eb ndodhi dje n\u00eb Kosov\u00eb nuk ishte thjesht\u00eb nj\u00eb protest\u00eb p\u00ebr t\u00eb shp\u00ebtuar emra politik\u00eb, por nj\u00eb ngritje dinjitoze e qytetar\u00ebve t\u00eb Kosov\u00ebs brenda dhe jasht\u00eb vendit\u00a0 n\u00eb mbrojtje t\u00eb nj\u00eb trash\u00ebgimie t\u00eb p\u00ebrbashk\u00ebt: Luft\u00ebs \u00c7lirimtare t\u00eb U\u00c7K-s\u00eb, e cila nuk ishte, aq m\u00eb pak t\u00eb jet\u00eb apo t\u00eb behet\u00a0 nj\u00eb pron\u00eb e partive, as e individ\u00ebve, apo individi kushdo qoft\u00eb ky.<\/p>\n<p>Protesta dje ishte\u00a0 por nj\u00eb p\u00ebrpjekje mbar\u00eb komb\u00ebtare q\u00eb bashkoi zemr\u00ebn e Kosov\u00ebs, shpirtin e Shqip\u00ebris\u00eb dhe ve\u00e7an\u00ebrisht fuqin\u00eb e diaspor\u00ebs n\u00eb m\u00ebrgat\u00eb. Protesta ishte m\u00eb shum\u00eb se nj\u00eb kund\u00ebrshtim ndaj padrejt\u00ebsis\u00eb: ajo ishte nj\u00eb refuzim i turpit q\u00eb po mundohet t\u2019i vishet nj\u00eb lufte t\u00eb past\u00ebr, p\u00ebrmes nj\u00eb narrative q\u00eb po nd\u00ebrtohet n\u00eb zyrat e huaja dhe po p\u00ebrthithet pa rezistenc\u00eb nga nj\u00eb klas\u00eb politike q\u00eb e ka humbur busull\u00ebn morale. Ishte z\u00ebri i qytetarit t\u00eb ndersh\u00ebm \u2013 q\u00eb kurr\u00eb nuk k\u00ebrkoi pushtet, por q\u00eb gjithmon\u00eb ka mbajtur mbi supe barr\u00ebn e liris\u00eb dhe t\u00eb shtetit. Qytetari kosovar, ndryshe nga politika e vet, nuk ka asgj\u00eb p\u00ebr t\u00eb fshehur. Ai nuk ka bler\u00eb prona pas lufte, nuk ka kthyer kontributin n\u00eb privilegj, dhe nuk ka n\u00ebnshkruar marr\u00ebveshje q\u00eb zhb\u00ebjn\u00eb fitoren e tij. Ai ka dh\u00ebn\u00eb gjith\u00e7ka: djemt\u00eb n\u00eb luft\u00eb, lek\u00ebt nga m\u00ebrgimi, mb\u00ebshtetjen morale, dhe sot po jep edhe durimin. Por durimi nuk \u00ebsht\u00eb pafuqi. \u00cbsht\u00eb p\u00ebrballje n\u00eb pritje t\u00eb nj\u00eb drejt\u00ebsie q\u00eb s\u2019duhet t\u00eb jet\u00eb vet\u00ebm e huaja. Mos t\u00eb harrojm\u00eb: roli i diaspor\u00ebs nuk ka qen\u00eb vet\u00ebm financiar. Ishte diaspora ajo q\u00eb mbajti gjall\u00eb iden\u00eb e Kosov\u00ebs kur ajo rrezikonte t\u00eb p\u00ebrmbytej nga dhuna dhe harresa. Jan\u00eb ata q\u00eb ndihmuan n\u00eb arm\u00ebt e para, n\u00eb mobilizimin e opinionit nd\u00ebrkomb\u00ebtar, n\u00eb sigurimin e ndihm\u00ebs humanitare.<\/p>\n<p>Sot, ironikisht, shum\u00eb prej tyre ndihen t\u00eb tradhtuar jo nga bota, por nga vet\u00eb Kosova institucionale q\u00eb nuk i p\u00ebrfaq\u00ebson m\u00eb. Gjykata Speciale, me gjith\u00eb retorik\u00ebn e drejt\u00ebsis\u00eb, \u00ebsht\u00eb kthyer n\u00eb nj\u00eb aren\u00eb ku gjykohet historia jon\u00eb me sy t\u00eb huaj, me d\u00ebshmitar\u00eb t\u00eb importuar dhe me standarde q\u00eb nuk do guxoheshin t\u00eb aplikoheshin p\u00ebr ndonj\u00eb fuqi t\u00eb madhe per\u00ebndimore. E p\u00ebr m\u00eb keq, kjo ndodh me miratimin e heshtur t\u00eb nj\u00eb elite q\u00eb ka nd\u00ebrtuar rehatin\u00eb e saj mbi harres\u00ebn e popullit dhe mbi p\u00ebruljen p\u00ebrball\u00eb \u00e7do k\u00ebrkese q\u00eb vjen \u201cnga jasht\u00eb\u201d. Kjo elit\u00eb nuk ka as fisnik\u00ebri p\u00ebr t\u00eb p\u00ebrfaq\u00ebsuar, as kuraj\u00eb p\u00ebr t\u00eb reaguar. Nd\u00ebrsa qytetari reagon. Qoft\u00eb edhe me nj\u00eb pankart\u00eb, me nj\u00eb q\u00ebndrim, me nj\u00eb fjal\u00eb t\u00eb drejtp\u00ebrdrejt\u00eb: \u201cMjaft m\u00eb!\u201d E keqja nuk \u00ebsht\u00eb vet\u00ebm padrejt\u00ebsia ndaj lider\u00ebve q\u00eb sot ndodhen n\u00ebn gjykim \u2013 \u00ebsht\u00eb zhveshja e Kosov\u00ebs nga dinjiteti, nga kujtesa, dhe nga e drejta p\u00ebr ta p\u00ebrfaq\u00ebsuar veten.<\/p>\n<p>Dhe kur p\u00ebrfaq\u00ebsimi kalon nga p\u00ebrulja te servilizmi institucional, shteti nuk \u00ebsht\u00eb m\u00eb nj\u00eb ideal, por nj\u00eb nd\u00ebrmarrje e zhb\u00ebr\u00eb n\u00eb duar t\u00eb kujtdo q\u00eb pranon t\u00eb hesht\u00eb mjaftuesh\u00ebm gjat\u00eb. Sot nuk jemi n\u00eb nj\u00eb betej\u00eb p\u00ebr t\u00eb ndaluar drejt\u00ebsin\u00eb, por p\u00ebr t\u00eb ndalur shkat\u00ebrrimin e s\u00eb v\u00ebrtet\u00ebs. Dhe m\u00eb shum\u00eb se kurr\u00eb, kjo \u00ebsht\u00eb detyr\u00eb e qytetarit t\u00eb ndersh\u00ebm, e diaspor\u00ebs me dinjitet, dhe e \u00e7do shqiptari q\u00eb beson se shteti nuk nd\u00ebrtohet mbi gjunj\u00eb, por mbi k\u00ebmb\u00eb.<\/p>\n","protected":false},"excerpt":{"rendered":"<p>Nga Fejzo Subashi Protesta n\u00eb Kosov\u00eb \u00ebsht\u00eb k\u00ebrkesa dhe k\u00ebmb\u00ebngulja, e nj\u00eb populli t\u00eb t\u00ebr\u00eb n\u00eb t\u00eb kat\u00ebr an\u00ebt e Bot\u00ebs kudo q\u00eb ndodhet,\u00a0 q\u00eb k\u00ebrkon t\u00eb mos harroj\u00eb\u00a0 Ajo q\u00eb ndodhi dje n\u00eb Kosov\u00eb nuk ishte thjesht\u00eb nj\u00eb protest\u00eb p\u00ebr t\u00eb shp\u00ebtuar emra politik\u00eb, por nj\u00eb ngritje dinjitoze e qytetar\u00ebve t\u00eb Kosov\u00ebs brenda dhe [&hellip;]<\/p>\n","protected":false},"author":5,"featured_media":87273,"comment_status":"closed","ping_status":"closed","sticky":false,"template":"","format":"standard","meta":{"footnotes":""},"categories":[34865,6332],"tags":[36132,37495,37496,37494],"class_list":{"0":"post-90053","1":"post","2":"type-post","3":"status-publish","4":"format-standard","5":"has-post-thumbnail","7":"category-analiza","8":"category-te-fundit","9":"tag-fejzo-subashi","10":"tag-jo-per-emra","11":"tag-por-per-vlera","12":"tag-protesta-ne-kosove"},"_links":{"self":[{"href":"https:\/\/jugulajm.net\/index.php?rest_route=\/wp\/v2\/posts\/90053","targetHints":{"allow":["GET"]}}],"collection":[{"href":"https:\/\/jugulajm.net\/index.php?rest_route=\/wp\/v2\/posts"}],"about":[{"href":"https:\/\/jugulajm.net\/index.php?rest_route=\/wp\/v2\/types\/post"}],"author":[{"embeddable":true,"href":"https:\/\/jugulajm.net\/index.php?rest_route=\/wp\/v2\/users\/5"}],"replies":[{"embeddable":true,"href":"https:\/\/jugulajm.net\/index.php?rest_route=%2Fwp%2Fv2%2Fcomments&post=90053"}],"version-history":[{"count":1,"href":"https:\/\/jugulajm.net\/index.php?rest_route=\/wp\/v2\/posts\/90053\/revisions"}],"predecessor-version":[{"id":90054,"href":"https:\/\/jugulajm.net\/index.php?rest_route=\/wp\/v2\/posts\/90053\/revisions\/90054"}],"wp:featuredmedia":[{"embeddable":true,"href":"https:\/\/jugulajm.net\/index.php?rest_route=\/wp\/v2\/media\/87273"}],"wp:attachment":[{"href":"https:\/\/jugulajm.net\/index.php?rest_route=%2Fwp%2Fv2%2Fmedia&parent=90053"}],"wp:term":[{"taxonomy":"category","embeddable":true,"href":"https:\/\/jugulajm.net\/index.php?rest_route=%2Fwp%2Fv2%2Fcategories&post=90053"},{"taxonomy":"post_tag","embeddable":true,"href":"https:\/\/jugulajm.net\/index.php?rest_route=%2Fwp%2Fv2%2Ftags&post=90053"}],"curies":[{"name":"wp","href":"https:\/\/api.w.org\/{rel}","templated":true}]}}