{"id":90026,"date":"2025-08-07T16:50:33","date_gmt":"2025-08-07T14:50:33","guid":{"rendered":"https:\/\/jugulajm.net\/?p=90026"},"modified":"2025-08-07T16:50:33","modified_gmt":"2025-08-07T14:50:33","slug":"video-rama-nis-clirimi-i-buzerrugeve-kombetare-asnje-rraqe-nen-qiell-te-hapur","status":"publish","type":"post","link":"https:\/\/jugulajm.net\/?p=90026","title":{"rendered":"VIDEO\/ Rama: Nis \u00e7lirimi i \u201cbuz\u00ebrrug\u00ebve\u201d komb\u00ebtare, asnj\u00eb rraqe n\u00ebn qiell t\u00eb hapur&#8230;"},"content":{"rendered":"<p>Kryeministri Edi Rama ka njoftuar n\u00eb llogarin\u00eb e tij n\u00eb fb nisjen e nj\u00eb procesi t\u00eb ri p\u00ebr \u00e7lirimin e buz\u00ebrrug\u00ebve komb\u00ebtare nga nd\u00ebrtimet pa kriter.<\/p>\n<p>N\u00eb kuad\u00ebr t\u00eb programit t\u00eb Rilindja Urbane 2.0, qeveria po vendos kufij t\u00eb rrept\u00eb p\u00ebr subjektet q\u00eb operojn\u00eb pran\u00eb k\u00ebtyre akseve, duke siguruar q\u00eb asnj\u00eb rraqe t\u00eb mos mbetet n\u00eb qiell t\u00eb hapur.<\/p>\n<p>P\u00ebr m\u00eb tep\u00ebr, sipas k\u00ebtij programi, subjektet e p\u00ebrfshira do t\u00eb kontribuojn\u00eb edhe n\u00eb gjelb\u00ebrimin e hap\u00ebsirave p\u00ebrball\u00eb rrug\u00ebve komb\u00ebtare, duke i trajtuar ato si pjes\u00eb t\u00eb p\u00ebrbashk\u00ebt t\u00eb ambientit dhe jo si toka t\u00eb pronar\u00ebve t\u00eb ve\u00e7ant\u00eb.<\/p>\n<p><em>\u201cKa nisur edhe \u00e7lirimi i buz\u00ebrrug\u00ebve komb\u00ebtare, duke p\u00ebrcaktuar nj\u00eb kufi t\u00ebrheqjeje t\u00eb subjekteve, t\u00eb cilat nj\u00ebkoh\u00ebsisht duhet t\u00eb sigurohen se asnj\u00eb rraqe nuk do t\u00eb jet\u00eb m\u00eb n\u00ebn qiell t\u00eb hapur dhe nj\u00ebkoh\u00ebsisht, sipas kritereve t\u00eb programit t\u00eb ri t\u00eb Rilindja Urbane 2.0 do t\u00eb kontribuojn\u00eb me nj\u00eb sasi gjelb\u00ebrimi, bashkarisht me qeverin\u00eb, duke e trajtuar hap\u00ebsir\u00ebn buz\u00eb e p\u00ebrball\u00eb akseve komb\u00ebtare si pjes\u00eb t\u00eb sht\u00ebpis\u00eb son\u00eb t\u00eb p\u00ebrbashk\u00ebt dhe jo si tok\u00eb t\u00eb askujt\u201d,<\/em> ka shkruar kryeministri Rama.<iframe loading=\"lazy\" src=\"https:\/\/www.facebook.com\/plugins\/video.php?height=314&amp;href=https%3A%2F%2Fwww.facebook.com%2Fediramaal%2Fvideos%2F1296898195770165%2F&amp;show_text=false&amp;width=560&amp;t=0\" width=\"560\" height=\"314\" frameborder=\"0\" scrolling=\"no\" allowfullscreen=\"allowfullscreen\" data-mce-fragment=\"1\"><\/iframe><\/p>\n","protected":false},"excerpt":{"rendered":"<p>Kryeministri Edi Rama ka njoftuar n\u00eb llogarin\u00eb e tij n\u00eb fb nisjen e nj\u00eb procesi t\u00eb ri p\u00ebr \u00e7lirimin e buz\u00ebrrug\u00ebve komb\u00ebtare nga nd\u00ebrtimet pa kriter. N\u00eb kuad\u00ebr t\u00eb programit t\u00eb Rilindja Urbane 2.0, qeveria po vendos kufij t\u00eb rrept\u00eb p\u00ebr subjektet q\u00eb operojn\u00eb pran\u00eb k\u00ebtyre akseve, duke siguruar q\u00eb asnj\u00eb rraqe t\u00eb mos mbetet [&hellip;]<\/p>\n","protected":false},"author":5,"featured_media":83547,"comment_status":"closed","ping_status":"closed","sticky":false,"template":"","format":"standard","meta":{"footnotes":""},"categories":[1,6332],"tags":[37481,37480],"class_list":{"0":"post-90026","1":"post","2":"type-post","3":"status-publish","4":"format-standard","5":"has-post-thumbnail","7":"category-aktualitet","8":"category-te-fundit","9":"tag-asnje-rraqe-nen-qiell-te-hapur","10":"tag-video-rama-nis-clirimi-i-buzerrugeve-kombetare"},"_links":{"self":[{"href":"https:\/\/jugulajm.net\/index.php?rest_route=\/wp\/v2\/posts\/90026","targetHints":{"allow":["GET"]}}],"collection":[{"href":"https:\/\/jugulajm.net\/index.php?rest_route=\/wp\/v2\/posts"}],"about":[{"href":"https:\/\/jugulajm.net\/index.php?rest_route=\/wp\/v2\/types\/post"}],"author":[{"embeddable":true,"href":"https:\/\/jugulajm.net\/index.php?rest_route=\/wp\/v2\/users\/5"}],"replies":[{"embeddable":true,"href":"https:\/\/jugulajm.net\/index.php?rest_route=%2Fwp%2Fv2%2Fcomments&post=90026"}],"version-history":[{"count":1,"href":"https:\/\/jugulajm.net\/index.php?rest_route=\/wp\/v2\/posts\/90026\/revisions"}],"predecessor-version":[{"id":90027,"href":"https:\/\/jugulajm.net\/index.php?rest_route=\/wp\/v2\/posts\/90026\/revisions\/90027"}],"wp:featuredmedia":[{"embeddable":true,"href":"https:\/\/jugulajm.net\/index.php?rest_route=\/wp\/v2\/media\/83547"}],"wp:attachment":[{"href":"https:\/\/jugulajm.net\/index.php?rest_route=%2Fwp%2Fv2%2Fmedia&parent=90026"}],"wp:term":[{"taxonomy":"category","embeddable":true,"href":"https:\/\/jugulajm.net\/index.php?rest_route=%2Fwp%2Fv2%2Fcategories&post=90026"},{"taxonomy":"post_tag","embeddable":true,"href":"https:\/\/jugulajm.net\/index.php?rest_route=%2Fwp%2Fv2%2Ftags&post=90026"}],"curies":[{"name":"wp","href":"https:\/\/api.w.org\/{rel}","templated":true}]}}