{"id":90005,"date":"2025-08-06T20:55:57","date_gmt":"2025-08-06T18:55:57","guid":{"rendered":"https:\/\/jugulajm.net\/?p=90005"},"modified":"2025-08-06T20:55:57","modified_gmt":"2025-08-06T18:55:57","slug":"zjarr-prane-uzines-se-policanit-afer-magazinave-me-lende-plasese-zjarrfikesit-ne-terren","status":"publish","type":"post","link":"https:\/\/jugulajm.net\/?p=90005","title":{"rendered":"Zjarr pran\u00eb uzin\u00ebs s\u00eb Poli\u00e7anit, af\u00ebr magazinave me l\u00ebnd\u00eb plas\u00ebse, zjarrfik\u00ebsit n\u00eb terren"},"content":{"rendered":"<p>Nj\u00eb vat\u00ebr zjarri \u00ebsht\u00eb konstatuar k\u00ebt\u00eb t\u00eb m\u00ebrkur\u00eb n\u00eb pyllin pran\u00eb uzin\u00ebs s\u00eb Poli\u00e7anit.<\/p>\n<p>Zjarri \u00ebsht\u00eb p\u00ebrhapur pran\u00eb zon\u00ebs C n\u00eb t\u00eb cil\u00ebn ndodhen magazinat me l\u00ebnd\u00eb plas\u00ebse.<\/p>\n<p>N\u00eb vendngjarje ndodhen zjarrfik\u00ebset,\u00a0 ushtria si dhe nj\u00eb helikopter i Baz\u00ebs s\u00eb Ku\u00e7ov\u00ebs.<\/p>\n<p>Kryetari i bashkus\u00eb Adriatik Zotka ndodhet n\u00eb vendngjarje\u00a0 i cili ka b\u00ebr\u00eb thirrje p\u00ebr ndihm\u00eb, pasi shp\u00ebrthimi i magazinave do shkaktonte rrezikshm\u00ebri p\u00ebr lagjen Kallu\u00e7, e cila \u00ebsht\u00eb 200 m larg.<\/p>\n","protected":false},"excerpt":{"rendered":"<p>Nj\u00eb vat\u00ebr zjarri \u00ebsht\u00eb konstatuar k\u00ebt\u00eb t\u00eb m\u00ebrkur\u00eb n\u00eb pyllin pran\u00eb uzin\u00ebs s\u00eb Poli\u00e7anit. Zjarri \u00ebsht\u00eb p\u00ebrhapur pran\u00eb zon\u00ebs C n\u00eb t\u00eb cil\u00ebn ndodhen magazinat me l\u00ebnd\u00eb plas\u00ebse. N\u00eb vendngjarje ndodhen zjarrfik\u00ebset,\u00a0 ushtria si dhe nj\u00eb helikopter i Baz\u00ebs s\u00eb Ku\u00e7ov\u00ebs. Kryetari i bashkus\u00eb Adriatik Zotka ndodhet n\u00eb vendngjarje\u00a0 i cili ka b\u00ebr\u00eb thirrje p\u00ebr [&hellip;]<\/p>\n","protected":false},"author":5,"featured_media":89920,"comment_status":"closed","ping_status":"closed","sticky":false,"template":"","format":"standard","meta":{"footnotes":""},"categories":[1,6332,29228],"tags":[37467,37466,25157],"class_list":{"0":"post-90005","1":"post","2":"type-post","3":"status-publish","4":"format-standard","5":"has-post-thumbnail","7":"category-aktualitet","8":"category-te-fundit","9":"category-vendi","10":"tag-afer-magazinave-me-lende-plasese","11":"tag-zjarr-prane-uzines-se-policanit","12":"tag-zjarrfikesit-ne-terren"},"_links":{"self":[{"href":"https:\/\/jugulajm.net\/index.php?rest_route=\/wp\/v2\/posts\/90005","targetHints":{"allow":["GET"]}}],"collection":[{"href":"https:\/\/jugulajm.net\/index.php?rest_route=\/wp\/v2\/posts"}],"about":[{"href":"https:\/\/jugulajm.net\/index.php?rest_route=\/wp\/v2\/types\/post"}],"author":[{"embeddable":true,"href":"https:\/\/jugulajm.net\/index.php?rest_route=\/wp\/v2\/users\/5"}],"replies":[{"embeddable":true,"href":"https:\/\/jugulajm.net\/index.php?rest_route=%2Fwp%2Fv2%2Fcomments&post=90005"}],"version-history":[{"count":1,"href":"https:\/\/jugulajm.net\/index.php?rest_route=\/wp\/v2\/posts\/90005\/revisions"}],"predecessor-version":[{"id":90006,"href":"https:\/\/jugulajm.net\/index.php?rest_route=\/wp\/v2\/posts\/90005\/revisions\/90006"}],"wp:featuredmedia":[{"embeddable":true,"href":"https:\/\/jugulajm.net\/index.php?rest_route=\/wp\/v2\/media\/89920"}],"wp:attachment":[{"href":"https:\/\/jugulajm.net\/index.php?rest_route=%2Fwp%2Fv2%2Fmedia&parent=90005"}],"wp:term":[{"taxonomy":"category","embeddable":true,"href":"https:\/\/jugulajm.net\/index.php?rest_route=%2Fwp%2Fv2%2Fcategories&post=90005"},{"taxonomy":"post_tag","embeddable":true,"href":"https:\/\/jugulajm.net\/index.php?rest_route=%2Fwp%2Fv2%2Ftags&post=90005"}],"curies":[{"name":"wp","href":"https:\/\/api.w.org\/{rel}","templated":true}]}}