{"id":89982,"date":"2025-08-06T10:49:45","date_gmt":"2025-08-06T08:49:45","guid":{"rendered":"https:\/\/jugulajm.net\/?p=89982"},"modified":"2025-08-06T10:49:59","modified_gmt":"2025-08-06T08:49:59","slug":"foto-qytetaret-e-vlores-protestojne-kunder-2-tec-eve-lundruese","status":"publish","type":"post","link":"https:\/\/jugulajm.net\/?p=89982","title":{"rendered":"FOTO\/ Qytetar\u00ebt e Vlor\u00ebs protestojn\u00eb kund\u00ebr 2 TEC-eve lundruese"},"content":{"rendered":"<p>Nj\u00eb protest\u00eb u zhvillua m\u00ebngjesin e sot\u00ebm n\u00eb qytetin e Vlor\u00ebs, ku dhjet\u00ebra qytetar\u00eb dhe aktivist\u00eb mjedisor\u00eb iu bashkuan thirrjes s\u00eb Aleanc\u00ebs p\u00ebr Vlor\u00ebn kund\u00ebr dy TEC-eve lundruese t\u00eb ankoruara n\u00eb zon\u00ebn e Triportit.<\/p>\n<p>Protestuesit marshuan me pankarta dhe mesazhe kund\u00ebrshtuese, duke ngritur alarmin p\u00ebr ndikimin e k\u00ebtyre nj\u00ebsive n\u00eb mjedis dhe ekonomi.<\/p>\n<div class=\"readmore-text-here\">\n<p>Sipas aktivist\u00ebve, TEC-et ndotin detin dhe ajrin e qytetit bregdetar, nd\u00ebrkoh\u00eb q\u00eb kostot e mbajtjes s\u00eb tyre jan\u00eb tejet t\u00eb larta p\u00ebr buxhetin e shtetit \u2013 deri n\u00eb 3 milion\u00eb euro n\u00eb muaj \u2013 p\u00ebr nj\u00eb p\u00ebrdorim t\u00eb kufizuar prej vet\u00ebm 2 deri n\u00eb 3 or\u00eb n\u00eb jav\u00eb.<\/p>\n<div id=\"rekl-13\" data-country=\"AL\" data-display=\"0\">\n<div id=\"__sap-ad-15\" class=\"__sap-ads __sap-html inline tracked\" data-title=\"Credins desktop Brenda lajmit 08\">\n<div id=\"beacon_1fa2ded848\">Ambientalisti i njohur Lavdosh Ferruni, i pranish\u00ebm n\u00eb protest\u00eb, i cil\u00ebsoi TEC-et si \u201cnj\u00eb afer\u00eb e rrezikshme dhe e pajustifikueshme\u201d, duke k\u00ebrkuar nd\u00ebrprerjen e menj\u00ebhershme t\u00eb k\u00ebsaj praktike dhe nj\u00eb rishikim t\u00eb politikave energjetike n\u00eb p\u00ebrputhje me interesin publik dhe mbrojtjen e mjedisit.<\/div>\n<\/div>\n<\/div>\n<\/div>\n","protected":false},"excerpt":{"rendered":"<p>Nj\u00eb protest\u00eb u zhvillua m\u00ebngjesin e sot\u00ebm n\u00eb qytetin e Vlor\u00ebs, ku dhjet\u00ebra qytetar\u00eb dhe aktivist\u00eb mjedisor\u00eb iu bashkuan thirrjes s\u00eb Aleanc\u00ebs p\u00ebr Vlor\u00ebn kund\u00ebr dy TEC-eve lundruese t\u00eb ankoruara n\u00eb zon\u00ebn e Triportit. Protestuesit marshuan me pankarta dhe mesazhe kund\u00ebrshtuese, duke ngritur alarmin p\u00ebr ndikimin e k\u00ebtyre nj\u00ebsive n\u00eb mjedis dhe ekonomi. Sipas aktivist\u00ebve, [&hellip;]<\/p>\n","protected":false},"author":5,"featured_media":89983,"comment_status":"closed","ping_status":"closed","sticky":false,"template":"","format":"standard","meta":{"footnotes":""},"categories":[1,6332,29228],"tags":[37453],"class_list":{"0":"post-89982","1":"post","2":"type-post","3":"status-publish","4":"format-standard","5":"has-post-thumbnail","7":"category-aktualitet","8":"category-te-fundit","9":"category-vendi","10":"tag-foto-qytetaret-e-vlores-protestojne-kunder-2-tec-eve-lundruese"},"_links":{"self":[{"href":"https:\/\/jugulajm.net\/index.php?rest_route=\/wp\/v2\/posts\/89982","targetHints":{"allow":["GET"]}}],"collection":[{"href":"https:\/\/jugulajm.net\/index.php?rest_route=\/wp\/v2\/posts"}],"about":[{"href":"https:\/\/jugulajm.net\/index.php?rest_route=\/wp\/v2\/types\/post"}],"author":[{"embeddable":true,"href":"https:\/\/jugulajm.net\/index.php?rest_route=\/wp\/v2\/users\/5"}],"replies":[{"embeddable":true,"href":"https:\/\/jugulajm.net\/index.php?rest_route=%2Fwp%2Fv2%2Fcomments&post=89982"}],"version-history":[{"count":2,"href":"https:\/\/jugulajm.net\/index.php?rest_route=\/wp\/v2\/posts\/89982\/revisions"}],"predecessor-version":[{"id":89985,"href":"https:\/\/jugulajm.net\/index.php?rest_route=\/wp\/v2\/posts\/89982\/revisions\/89985"}],"wp:featuredmedia":[{"embeddable":true,"href":"https:\/\/jugulajm.net\/index.php?rest_route=\/wp\/v2\/media\/89983"}],"wp:attachment":[{"href":"https:\/\/jugulajm.net\/index.php?rest_route=%2Fwp%2Fv2%2Fmedia&parent=89982"}],"wp:term":[{"taxonomy":"category","embeddable":true,"href":"https:\/\/jugulajm.net\/index.php?rest_route=%2Fwp%2Fv2%2Fcategories&post=89982"},{"taxonomy":"post_tag","embeddable":true,"href":"https:\/\/jugulajm.net\/index.php?rest_route=%2Fwp%2Fv2%2Ftags&post=89982"}],"curies":[{"name":"wp","href":"https:\/\/api.w.org\/{rel}","templated":true}]}}