{"id":89972,"date":"2025-08-05T19:18:05","date_gmt":"2025-08-05T17:18:05","guid":{"rendered":"https:\/\/jugulajm.net\/?p=89972"},"modified":"2025-08-05T19:18:05","modified_gmt":"2025-08-05T17:18:05","slug":"foto-proda-priti-minister-keshilltarin-e-ambasades-kineze-ne-shqiperi-ja-arsyeja","status":"publish","type":"post","link":"https:\/\/jugulajm.net\/?p=89972","title":{"rendered":"FOTO\/ Proda priti Minist\u00ebr-K\u00ebshilltarin e Ambasad\u00ebs Kineze n\u00eb Shqip\u00ebri, ja arsyeja&#8230;"},"content":{"rendered":"<p>Drejtori i P\u00ebrgjithsh\u00ebm i Policis\u00eb s\u00eb Shtetit Drejtues Madhor Ilir Proda priti n\u00eb nj\u00eb takim zyrtar, Minist\u00ebr-K\u00ebshilltar i Ambasad\u00ebs Kineze n\u00eb Shqip\u00ebri, z. Huang Xuehu.<\/p>\n<p>Fokusi i k\u00ebtij takimi, i cili u zhvillua n\u00eb ambientet e DPPSh-s\u00eb, me pjes\u00ebmarrjen e drejtuesve t\u00eb lart\u00eb t\u00eb strukturave qendrore, ishte nd\u00ebrtim i urave t\u00eb reja t\u00eb bashk\u00ebpunimit bilateral, n\u00ebp\u00ebrmjet n\u00ebnshkrimit t\u00eb nj\u00eb marr\u00ebveshjeje t\u00eb p\u00ebrbashk\u00ebt dhe krijimit t\u00eb pik\u00ebs s\u00eb kontaktit t\u00eb Policis\u00eb kineze, n\u00eb Policin\u00eb e Shtetit.<\/p>\n<p>Drejtor Proda dhe Minist\u00ebr-K\u00ebshilltar Huang u dakord\u00ebsuan se k\u00ebto elemente do t\u00eb jen\u00eb p\u00ebrgjigjja m\u00eb efikase kund\u00ebr krimit t\u00eb organizuar nd\u00ebrkontinental.<\/p>\n<p>Gjithashtu, gjat\u00eb takimit u diskutua p\u00ebr operacionet e fundit t\u00eb Policis\u00eb s\u00eb Shtetit, kund\u00ebr shfryt\u00ebzimit p\u00ebr prostitucion, objekt i t\u00eb cilave kan\u00eb qen\u00eb shtetase kineze t\u00eb rekrutuara p\u00ebr t\u00eb ushtruar k\u00ebt\u00eb veprimtari t\u00eb kund\u00ebrligjshme, n\u00eb apartamente me qira, n\u00eb vendin ton\u00eb. N\u00eb vijim t\u00eb angazhimit policor p\u00ebr ndjekjen penale t\u00eb shtetasve p\u00ebrgjegj\u00ebs, ka patur nj\u00eb qasjeje t\u00eb integruar institucionale, p\u00ebr t\u2019iu ofruar asistenc\u00eb shtetaseve t\u00eb p\u00ebrfshira n\u00eb k\u00ebto raste.<\/p>\n<p>Drejtor Proda, gjat\u00eb takimit, theksoi r\u00ebnd\u00ebsin\u00eb e rritjes s\u00eb bashk\u00ebpunimit, n\u00ebp\u00ebrmjet shk\u00ebmbimit t\u00eb informacionit dhe koordinimit nga agjencit\u00eb ligjzbatuese nd\u00ebrkomb\u00ebtare, me q\u00ebllim parandalimin dhe goditjen m\u00eb efikase t\u00eb krimit nd\u00ebrkomb\u00ebtar.<\/p>\n<p>Nga ana e tij, Minist\u00ebr-K\u00ebshilltar Huang fal\u00ebnderoi Policin\u00eb e Shtetit p\u00ebr bashk\u00ebpunimin e deritanish\u00ebm dhe shprehu angazhimin e agjencive ligjzbatuese kineze, p\u00ebr intensifikimin e bashk\u00ebpunimit n\u00eb fusha me interes t\u00eb p\u00ebrbashk\u00ebt policor nd\u00ebrkomb\u00ebtar.<\/p>\n","protected":false},"excerpt":{"rendered":"<p>Drejtori i P\u00ebrgjithsh\u00ebm i Policis\u00eb s\u00eb Shtetit Drejtues Madhor Ilir Proda priti n\u00eb nj\u00eb takim zyrtar, Minist\u00ebr-K\u00ebshilltar i Ambasad\u00ebs Kineze n\u00eb Shqip\u00ebri, z. Huang Xuehu. Fokusi i k\u00ebtij takimi, i cili u zhvillua n\u00eb ambientet e DPPSh-s\u00eb, me pjes\u00ebmarrjen e drejtuesve t\u00eb lart\u00eb t\u00eb strukturave qendrore, ishte nd\u00ebrtim i urave t\u00eb reja t\u00eb bashk\u00ebpunimit bilateral, [&hellip;]<\/p>\n","protected":false},"author":5,"featured_media":89973,"comment_status":"closed","ping_status":"closed","sticky":false,"template":"","format":"standard","meta":{"footnotes":""},"categories":[1,6332],"tags":[37450,20856],"class_list":{"0":"post-89972","1":"post","2":"type-post","3":"status-publish","4":"format-standard","5":"has-post-thumbnail","7":"category-aktualitet","8":"category-te-fundit","9":"tag-foto-proda-priti-minister-keshilltarin-e-ambasades-kineze-ne-shqiperi","10":"tag-ja-arsyeja"},"_links":{"self":[{"href":"https:\/\/jugulajm.net\/index.php?rest_route=\/wp\/v2\/posts\/89972","targetHints":{"allow":["GET"]}}],"collection":[{"href":"https:\/\/jugulajm.net\/index.php?rest_route=\/wp\/v2\/posts"}],"about":[{"href":"https:\/\/jugulajm.net\/index.php?rest_route=\/wp\/v2\/types\/post"}],"author":[{"embeddable":true,"href":"https:\/\/jugulajm.net\/index.php?rest_route=\/wp\/v2\/users\/5"}],"replies":[{"embeddable":true,"href":"https:\/\/jugulajm.net\/index.php?rest_route=%2Fwp%2Fv2%2Fcomments&post=89972"}],"version-history":[{"count":1,"href":"https:\/\/jugulajm.net\/index.php?rest_route=\/wp\/v2\/posts\/89972\/revisions"}],"predecessor-version":[{"id":89974,"href":"https:\/\/jugulajm.net\/index.php?rest_route=\/wp\/v2\/posts\/89972\/revisions\/89974"}],"wp:featuredmedia":[{"embeddable":true,"href":"https:\/\/jugulajm.net\/index.php?rest_route=\/wp\/v2\/media\/89973"}],"wp:attachment":[{"href":"https:\/\/jugulajm.net\/index.php?rest_route=%2Fwp%2Fv2%2Fmedia&parent=89972"}],"wp:term":[{"taxonomy":"category","embeddable":true,"href":"https:\/\/jugulajm.net\/index.php?rest_route=%2Fwp%2Fv2%2Fcategories&post=89972"},{"taxonomy":"post_tag","embeddable":true,"href":"https:\/\/jugulajm.net\/index.php?rest_route=%2Fwp%2Fv2%2Ftags&post=89972"}],"curies":[{"name":"wp","href":"https:\/\/api.w.org\/{rel}","templated":true}]}}