{"id":89883,"date":"2025-08-02T19:06:28","date_gmt":"2025-08-02T17:06:28","guid":{"rendered":"https:\/\/jugulajm.net\/?p=89883"},"modified":"2025-08-02T19:08:56","modified_gmt":"2025-08-02T17:08:56","slug":"emrat-foto-ja-kush-eshte-drejtoresha-e-shkolles-qe-u-plagos-nga-djali-i-saj","status":"publish","type":"post","link":"https:\/\/jugulajm.net\/?p=89883","title":{"rendered":"EMRAT-FOTO\/ Ja kush \u00ebsht\u00eb drejtoresha e shkoll\u00ebs q\u00eb u plagos me thik\u00eb nga djali i saj"},"content":{"rendered":"<p>Nj\u00eb ngjarje e r\u00ebnd\u00eb ka tronditur komunitetin n\u00eb Maqellar\u00eb, pasi nj\u00eb 50-vje\u00e7are \u00ebsht\u00eb plagosur me thik\u00eb nga djali i saj.<\/p>\n<p>Sipas burimeve t\u00eb Euronews Albania, 50-vje\u00e7arja, Nexhmie Sula, mban postin e drejtoresh\u00ebs s\u00eb shkoll\u00ebs 9-vje\u00e7are n\u00eb fshatin Pocest, nd\u00ebrsa \u00ebsht\u00eb goditur me thik\u00eb nga djali i saj 26-vje\u00e7ar, Ikler Sula.<\/p>\n<p>Ngjarja ka ndodhur pas nj\u00eb konflikti familjar p\u00ebr motive t\u00eb dob\u00ebta, nd\u00ebrsa i riu \u00ebsht\u00eb arrestuar menj\u00ebher\u00eb nga forcat e policis\u00eb.<\/p>\n<p>50-vje\u00e7arja e plagosur, Nexhmie Sula, \u00ebsht\u00eb sjell\u00eb n\u00eb spitalin e Traum\u00ebs n\u00eb Tiran\u00eb, ku ndodhet n\u00ebn kujdesin e mjek\u00ebve.<\/p>\n<p>Sipas burimeve t\u00eb Euronews Albania, 26-vje\u00e7ari, i cili plagosi me thik\u00eb n\u00ebn\u00ebn e tij, vuante nga probleme t\u00eb sh\u00ebndetit mendor dhe kurohej prej tre vitesh.<\/p>\n<p>Familjar\u00ebt mendonin se ai ishte sh\u00ebruar dhe kishte rikuperuar gjendjen e tij nd\u00ebrsa familja jeton n\u00eb fshatin \u00c7ernen\u00eb, 1 kilomet\u00ebr larg Maqellar\u00ebs.<\/p>\n<p data-start=\"365\" data-end=\"583\" data-is-last-node=\"\" data-is-only-node=\"\">Nexhmie Sula \u00ebsht\u00eb n\u00ebn\u00eb e tre f\u00ebmij\u00ebve, dy djemve dhe nj\u00eb vajze, nd\u00ebrsa u plagos nga djali m\u00eb i vog\u00ebl i saj, 26-vje\u00e7ari Ikler Sula, i cili dyshohet ta ket\u00eb kryer aktin p\u00ebr shkak t\u00eb problemeve t\u00eb sh\u00ebndetit mendor.<\/p>\n","protected":false},"excerpt":{"rendered":"<p>Nj\u00eb ngjarje e r\u00ebnd\u00eb ka tronditur komunitetin n\u00eb Maqellar\u00eb, pasi nj\u00eb 50-vje\u00e7are \u00ebsht\u00eb plagosur me thik\u00eb nga djali i saj. Sipas burimeve t\u00eb Euronews Albania, 50-vje\u00e7arja, Nexhmie Sula, mban postin e drejtoresh\u00ebs s\u00eb shkoll\u00ebs 9-vje\u00e7are n\u00eb fshatin Pocest, nd\u00ebrsa \u00ebsht\u00eb goditur me thik\u00eb nga djali i saj 26-vje\u00e7ar, Ikler Sula. Ngjarja ka ndodhur pas nj\u00eb [&hellip;]<\/p>\n","protected":false},"author":5,"featured_media":89884,"comment_status":"closed","ping_status":"closed","sticky":false,"template":"","format":"standard","meta":{"footnotes":""},"categories":[1,6332,29228],"tags":[37410],"class_list":{"0":"post-89883","1":"post","2":"type-post","3":"status-publish","4":"format-standard","5":"has-post-thumbnail","7":"category-aktualitet","8":"category-te-fundit","9":"category-vendi","10":"tag-emrat-foto-ja-kush-eshte-drejtoresha-e-shkolles-qe-u-plagos-nga-djali-i-saj"},"_links":{"self":[{"href":"https:\/\/jugulajm.net\/index.php?rest_route=\/wp\/v2\/posts\/89883","targetHints":{"allow":["GET"]}}],"collection":[{"href":"https:\/\/jugulajm.net\/index.php?rest_route=\/wp\/v2\/posts"}],"about":[{"href":"https:\/\/jugulajm.net\/index.php?rest_route=\/wp\/v2\/types\/post"}],"author":[{"embeddable":true,"href":"https:\/\/jugulajm.net\/index.php?rest_route=\/wp\/v2\/users\/5"}],"replies":[{"embeddable":true,"href":"https:\/\/jugulajm.net\/index.php?rest_route=%2Fwp%2Fv2%2Fcomments&post=89883"}],"version-history":[{"count":2,"href":"https:\/\/jugulajm.net\/index.php?rest_route=\/wp\/v2\/posts\/89883\/revisions"}],"predecessor-version":[{"id":89886,"href":"https:\/\/jugulajm.net\/index.php?rest_route=\/wp\/v2\/posts\/89883\/revisions\/89886"}],"wp:featuredmedia":[{"embeddable":true,"href":"https:\/\/jugulajm.net\/index.php?rest_route=\/wp\/v2\/media\/89884"}],"wp:attachment":[{"href":"https:\/\/jugulajm.net\/index.php?rest_route=%2Fwp%2Fv2%2Fmedia&parent=89883"}],"wp:term":[{"taxonomy":"category","embeddable":true,"href":"https:\/\/jugulajm.net\/index.php?rest_route=%2Fwp%2Fv2%2Fcategories&post=89883"},{"taxonomy":"post_tag","embeddable":true,"href":"https:\/\/jugulajm.net\/index.php?rest_route=%2Fwp%2Fv2%2Ftags&post=89883"}],"curies":[{"name":"wp","href":"https:\/\/api.w.org\/{rel}","templated":true}]}}